{"id":26356,"date":"2026-04-25T13:24:00","date_gmt":"2026-04-25T13:24:00","guid":{"rendered":"https:\/\/www.notiflashmexiquense.com.mx\/?p=26356"},"modified":"2026-04-25T19:25:24","modified_gmt":"2026-04-25T19:25:24","slug":"firma-alcalde-isaac-montoya-convenios-de-colaboracion-con-la-fundacion-teleton","status":"publish","type":"post","link":"https:\/\/www.notiflashmexiquense.com.mx\/?p=26356","title":{"rendered":"FIRMA ALCALDE ISAAC MONTOYA CONVENIOS DE COLABORACI\u00d3N CON LA FUNDACI\u00d3N TELET\u00d3N"},"content":{"rendered":"\n<p><\/p>\n\n\n\n<p>\u2022 La alianza con Telet\u00f3n tiene un rostro humano, que acompa\u00f1a, incluye y dignifica, a las personas que tienen alguna discapacidad y a la poblaci\u00f3n en general.<\/p>\n\n\n\n<p>\u2022 Habr\u00e1 beneficios en servicios m\u00e9dicos, descuentos, atenci\u00f3n a referencias por el DIF Naucalpan y rehabilitaci\u00f3n. As\u00ed como la colecta anual donde Naucalpan destac\u00f3 a nivel nacional.<\/p>\n\n\n\n<p>Naucalpan de Ju\u00e1rez, M\u00e9x., 25 de abril de 2026.- En Naucalpan creemos que la transformaci\u00f3n no se mide solo en obra p\u00fablica o en infraestructura, en programas, sino tambi\u00e9n, se mide en la capacidad de un gobierno para ser sensible y acompa\u00f1ar a quienes m\u00e1s lo requieren, afirm\u00f3 el alcalde Isaac Montoya M\u00e1rquez previo a la firma de cuatro convenios de colaboraci\u00f3n con la Fundaci\u00f3n Telet\u00f3n parte de una estrategia de trabajo conjunto en favor de las ni\u00f1as, ni\u00f1os y adolescentes con discapacidad, as\u00ed como de la poblaci\u00f3n en general.<\/p>\n\n\n\n<p>Al signar este convenio junto con la Presidenta del Sistema Municipal DIF, Adriana G. Escobar y del Director del CRIT Estado de M\u00e9xico, Jardiel Quintal Delgado, el alcalde subray\u00f3, esta alianza tiene un rostro humano, que acompa\u00f1a, incluye y dignifica, que se constituye como un compromiso permanente y prioritario para continuar con la transformaci\u00f3n en Naucalpan, de desarrollar programas y proyectos espec\u00edficos, a favor de las personas que tienen alguna discapacidad y quienes m\u00e1s lo necesitan.<\/p>\n\n\n\n<p>Reiter\u00f3 que la transformaci\u00f3n se mide en funci\u00f3n de entender que detr\u00e1s de cada expediente hay una historia, detr\u00e1s de cada referencia hay una familia y detr\u00e1s de cada terapia hay una posibilidad real de cambiar el rumbo de una vida. Se mide en el nivel de humanismo y en la capacidad de empat\u00eda.<\/p>\n\n\n\n<p>Adem\u00e1s del convenio general se sign\u00f3 otro que contempla, referencia y rehabilitaci\u00f3n, que permitir\u00e1 al DIF Naucalpan referir a ni\u00f1as, ni\u00f1os y adolescentes menores de 18 a\u00f1os con discapacidad neurom\u00fasculoesquel\u00e9tica y trastorno del espectro autista y que sean considerados en la lista de espera del CRIT y recibir atenci\u00f3n conforme a la capacidad del centro.<\/p>\n\n\n\n<p>Las ni\u00f1as y los ni\u00f1os menores de 12 meses, tendr\u00e1n prioridad para su valoraci\u00f3n y en su caso para el ingreso inmediato. Adem\u00e1s, se contemplan hasta 10 estudios mensuales de electroneurodiagn\u00f3stico sin costo para pacientes referidos.<\/p>\n\n\n\n<p>\u201cEsto es una decisi\u00f3n institucional de ponerse de lado de las familias, de tender puentes, acercar oportunidades que deben ser derechos y de reconocer que la discapacidad no debe vivirse en soledad, sino con el respaldo, con la atenci\u00f3n, con el respeto y con el acompa\u00f1amiento. Cuando un gobierno, una instituci\u00f3n social y una comunidad deciden caminar juntas y juntos, la esperanza pasa de ser un discurso y se traslada a una realidad, a una atenci\u00f3n real\u201d enfatiz\u00f3 el alcalde.<\/p>\n\n\n\n<p>El tercer instrumento, se trata de la carta convenio de descuento y establece que las personas referidas por el DIF Naucalpan puedan acceder a un descuento del 20% en servicios m\u00e9dicos de rehabilitaci\u00f3n y estudios auxiliares de diagn\u00f3stico del CRIT Estado de M\u00e9xico, siendo un alivio econ\u00f3mico real para las familias.<\/p>\n\n\n\n<p>El cuarto convenio es el de recaudaci\u00f3n y boteo Telet\u00f3n 2026, con el cual se asegura el apoyo a la campa\u00f1a de recaudaci\u00f3n y boteo para reunir fondos destinados a la operaci\u00f3n y mantenimiento de los Centros Telet\u00f3n, en apoyo de todas las familias, ni\u00f1as, ni\u00f1os, j\u00f3venes y adultos que acuden a esta fundaci\u00f3n.<\/p>\n\n\n\n<p>Montoya M\u00e1rquez reconoci\u00f3 el trabajo de la Presidenta Honoraria del DIF Municipal, por acompa\u00f1ar a la poblaci\u00f3n vulnerable y apoyar causas nobles como la atenci\u00f3n en general a la poblaci\u00f3n naucalpense. Cabe destacar que Naucalpan, en la pasada colecta fue uno de los m\u00e1s destacados a nivel nacional en las labores de la colecta anual.<\/p>\n\n\n\n<p>El Director del CRIT Estado de M\u00e9xico, Jardiel Quintal, destac\u00f3 que el CRIT atiende a 2,700 familias y de esas 320 son usuarios orgullosamente del municipio de Naucalpan. A la vez que, reconoci\u00f3 la labor del Alcalde Isaac Montoya, por la sensibilidad que tiene tanto \u00e9l como la presidenta del DIF Naucalpan para ponerse en el lugar del otro. \u201cQue, en medio de esta exigente agenda de gobierno, ustedes hagan una pausa y miren a quien m\u00e1s nos necesita\u201d.<\/p>\n\n\n\n<p>En presencia de los beneficiarios Araceli Villeda Salazar y al ni\u00f1o Mateo S\u00e1nchez, la Presidenta Honoraria del Sistema Municipal DIF, Adriana G. Escobar, agradeci\u00f3 al CRIT Estado de M\u00e9xico por abrir sus puertas y dar la bienvenida a tantas ni\u00f1as, ni\u00f1os y j\u00f3venes que requieren de atenci\u00f3n especializada. Concluy\u00f3, en Naucalpan se sigue construyendo una ciudad donde la discapacidad deje de ser vista como un asunto privado de las familias \u00fanicamente y sea asumida como lo que es: una responsabilidad p\u00fablica, social y colectiva.<\/p>\n\n\n\n<p><\/p>\n","protected":false},"excerpt":{"rendered":"<p>&bull; La alianza con Telet&oacute;n tiene un rostro humano, que acompa&ntilde;a, incluye y dignifica, a&#8230;<\/p>\n","protected":false},"author":1,"featured_media":26357,"comment_status":"closed","ping_status":"closed","sticky":false,"template":"","format":"standard","meta":{"footnotes":""},"categories":[83],"tags":[],"class_list":["post-26356","post","type-post","status-publish","format-standard","has-post-thumbnail","hentry","category-naucalpan-issac-montoya-marquez"],"_links":{"self":[{"href":"https:\/\/www.notiflashmexiquense.com.mx\/index.php?rest_route=\/wp\/v2\/posts\/26356","targetHints":{"allow":["GET"]}}],"collection":[{"href":"https:\/\/www.notiflashmexiquense.com.mx\/index.php?rest_route=\/wp\/v2\/posts"}],"about":[{"href":"https:\/\/www.notiflashmexiquense.com.mx\/index.php?rest_route=\/wp\/v2\/types\/post"}],"author":[{"embeddable":true,"href":"https:\/\/www.notiflashmexiquense.com.mx\/index.php?rest_route=\/wp\/v2\/users\/1"}],"replies":[{"embeddable":true,"href":"https:\/\/www.notiflashmexiquense.com.mx\/index.php?rest_route=%2Fwp%2Fv2%2Fcomments&post=26356"}],"version-history":[{"count":1,"href":"https:\/\/www.notiflashmexiquense.com.mx\/index.php?rest_route=\/wp\/v2\/posts\/26356\/revisions"}],"predecessor-version":[{"id":26358,"href":"https:\/\/www.notiflashmexiquense.com.mx\/index.php?rest_route=\/wp\/v2\/posts\/26356\/revisions\/26358"}],"wp:featuredmedia":[{"embeddable":true,"href":"https:\/\/www.notiflashmexiquense.com.mx\/index.php?rest_route=\/wp\/v2\/media\/26357"}],"wp:attachment":[{"href":"https:\/\/www.notiflashmexiquense.com.mx\/index.php?rest_route=%2Fwp%2Fv2%2Fmedia&parent=26356"}],"wp:term":[{"taxonomy":"category","embeddable":true,"href":"https:\/\/www.notiflashmexiquense.com.mx\/index.php?rest_route=%2Fwp%2Fv2%2Fcategories&post=26356"},{"taxonomy":"post_tag","embeddable":true,"href":"https:\/\/www.notiflashmexiquense.com.mx\/index.php?rest_route=%2Fwp%2Fv2%2Ftags&post=26356"}],"curies":[{"name":"wp","href":"https:\/\/api.w.org\/{rel}","templated":true}]}}