{"id":26353,"date":"2026-04-25T13:05:00","date_gmt":"2026-04-25T13:05:00","guid":{"rendered":"https:\/\/www.notiflashmexiquense.com.mx\/?p=26353"},"modified":"2026-04-25T19:07:22","modified_gmt":"2026-04-25T19:07:22","slug":"atizapan-sigue-brillando-ahora-como-destino-de-reuniones","status":"publish","type":"post","link":"https:\/\/www.notiflashmexiquense.com.mx\/?p=26353","title":{"rendered":"ATIZAP\u00c1N SIGUE BRILLANDO AHORA COMO DESTINO DE REUNIONES"},"content":{"rendered":"\n<p><\/p>\n\n\n\n<p>El Alcalde Pedro Rodr\u00edguez y la Secretaria de Cultura y Turismo del Estado de M\u00e9xico, Nelly Carrasco God\u00ednez, develaron la placa conmemorativa que distingue a Atizap\u00e1n de Zaragoza como \u201cDestino de Reuniones Estado de M\u00e9xico\u201d, consolidando a este municipio como un territorio id\u00f3neo para la realizaci\u00f3n de reuniones empresariales de car\u00e1cter nacional.<\/p>\n\n\n\n<p>\u201cSiempre he dicho que lo que busco en todas las acciones de gobierno es que Atizap\u00e1n brille por cosas positivas, por eso hoy agradezco a la Secretar\u00eda de Turismo por este reconocimiento que es para las y los atizapenses, porque tenemos un municipio pujante que avanza y no se detiene; un municipio pr\u00f3spero que ha realizado una inversi\u00f3n hist\u00f3rica de m\u00e1s de 2 mil millones de pesos en v\u00edas de comunicaci\u00f3n\u201d, afirm\u00f3 Pedro Rodr\u00edguez.<\/p>\n\n\n\n<p>Record\u00f3 que Atizap\u00e1n cuenta con espacios emblem\u00e1ticos como el Parque de los Ciervos, sitio que est\u00e1 en remodelaci\u00f3n y cuya obra magna trascender\u00e1 como un proyecto sostenible para mantener a este municipio como una ciudad a la vanguardia.<\/p>\n\n\n\n<p>Por su parte, la Secretaria Nelly Carrasco reconoci\u00f3 el impacto que tiene Atizap\u00e1n, no solo a nivel estatal sino nacional, lo que se demuestra con este reconocimiento que hoy se recibe.<\/p>\n\n\n\n<p>\u201cHablar de Atizap\u00e1n de Zaragoza es hablar de un destino hecho a mano. A nombre de nuestra Gobernadora, Delfina G\u00f3mez \u00c1lvarez, nos da mucho orgullo estar aqu\u00ed. Hoy celebramos el trabajo, la participaci\u00f3n y la visi\u00f3n de un municipio que ha decidido fortalecer su vocaci\u00f3n tur\u00edstica y diversificar su oferta con base en sus propias capacidades\u201d.<\/p>\n\n\n\n<p>En el evento tambi\u00e9n estuvieron presentes Roberto Misael Vega Salinas, Director General de Promoci\u00f3n Tur\u00edstica del Estado de M\u00e9xico; Patricia Alonso, Directora de Desarrollo Econ\u00f3mico; regidores, directores y artesanos de Atizap\u00e1n de Zaragoza.<\/p>\n\n\n\n<p><\/p>\n","protected":false},"excerpt":{"rendered":"<p>El Alcalde Pedro Rodr&iacute;guez y la Secretaria de Cultura y Turismo del Estado de M&eacute;xico,&#8230;<\/p>\n","protected":false},"author":1,"featured_media":26354,"comment_status":"closed","ping_status":"closed","sticky":false,"template":"","format":"standard","meta":{"footnotes":""},"categories":[45],"tags":[],"class_list":["post-26353","post","type-post","status-publish","format-standard","has-post-thumbnail","hentry","category-atizapan-de-zaragoza"],"_links":{"self":[{"href":"https:\/\/www.notiflashmexiquense.com.mx\/index.php?rest_route=\/wp\/v2\/posts\/26353","targetHints":{"allow":["GET"]}}],"collection":[{"href":"https:\/\/www.notiflashmexiquense.com.mx\/index.php?rest_route=\/wp\/v2\/posts"}],"about":[{"href":"https:\/\/www.notiflashmexiquense.com.mx\/index.php?rest_route=\/wp\/v2\/types\/post"}],"author":[{"embeddable":true,"href":"https:\/\/www.notiflashmexiquense.com.mx\/index.php?rest_route=\/wp\/v2\/users\/1"}],"replies":[{"embeddable":true,"href":"https:\/\/www.notiflashmexiquense.com.mx\/index.php?rest_route=%2Fwp%2Fv2%2Fcomments&post=26353"}],"version-history":[{"count":1,"href":"https:\/\/www.notiflashmexiquense.com.mx\/index.php?rest_route=\/wp\/v2\/posts\/26353\/revisions"}],"predecessor-version":[{"id":26355,"href":"https:\/\/www.notiflashmexiquense.com.mx\/index.php?rest_route=\/wp\/v2\/posts\/26353\/revisions\/26355"}],"wp:featuredmedia":[{"embeddable":true,"href":"https:\/\/www.notiflashmexiquense.com.mx\/index.php?rest_route=\/wp\/v2\/media\/26354"}],"wp:attachment":[{"href":"https:\/\/www.notiflashmexiquense.com.mx\/index.php?rest_route=%2Fwp%2Fv2%2Fmedia&parent=26353"}],"wp:term":[{"taxonomy":"category","embeddable":true,"href":"https:\/\/www.notiflashmexiquense.com.mx\/index.php?rest_route=%2Fwp%2Fv2%2Fcategories&post=26353"},{"taxonomy":"post_tag","embeddable":true,"href":"https:\/\/www.notiflashmexiquense.com.mx\/index.php?rest_route=%2Fwp%2Fv2%2Ftags&post=26353"}],"curies":[{"name":"wp","href":"https:\/\/api.w.org\/{rel}","templated":true}]}}