{"id":2436,"date":"2021-07-18T03:16:37","date_gmt":"2021-07-18T03:16:37","guid":{"rendered":"https:\/\/www.notiflashmexiquense.com.mx\/?p=2436"},"modified":"2021-07-18T03:16:38","modified_gmt":"2021-07-18T03:16:38","slug":"creamos-vinculos-de-hermandad-con-embajadores-jesus-gaspar-montiel","status":"publish","type":"post","link":"https:\/\/www.notiflashmexiquense.com.mx\/?p=2436","title":{"rendered":"Creamos v\u00ednculos de hermandad con embajadores: Jes\u00fas Gaspar Montiel"},"content":{"rendered":"\n<p>Ayer con mi amigo Ra\u00fal Meneses, presidente electo de Tequixquiac, visitamos la embajada de Nicaragua. En este evento, hemos creado lazos de hermandad con el embajador de Nicaragua en M\u00e9xico, Juan Carlos Guti\u00e9rrez Madrigal, el pr\u00edncipe de Camer\u00fan, Jean Louis Bingna y con Sam Lobo, Embajador Em\u00e9rito, coordinador general de relaciones internacionales y econom\u00eda global, as\u00ed como con otros alcaldes y embajadores. Estamos gestionando y creando v\u00ednculos de hermandad que nos ayuden a impulsar el desarrollo y la grandeza de nuestro pueblo.<\/p>\n","protected":false},"excerpt":{"rendered":"<p>Ayer con mi amigo Ra&uacute;l Meneses, presidente electo de Tequixquiac, visitamos la embajada de Nicaragua&#8230;.<\/p>\n","protected":false},"author":1,"featured_media":2437,"comment_status":"closed","ping_status":"closed","sticky":false,"template":"","format":"standard","meta":{"footnotes":""},"categories":[1],"tags":[],"class_list":["post-2436","post","type-post","status-publish","format-standard","has-post-thumbnail","hentry","category-noticias"],"_links":{"self":[{"href":"https:\/\/www.notiflashmexiquense.com.mx\/index.php?rest_route=\/wp\/v2\/posts\/2436","targetHints":{"allow":["GET"]}}],"collection":[{"href":"https:\/\/www.notiflashmexiquense.com.mx\/index.php?rest_route=\/wp\/v2\/posts"}],"about":[{"href":"https:\/\/www.notiflashmexiquense.com.mx\/index.php?rest_route=\/wp\/v2\/types\/post"}],"author":[{"embeddable":true,"href":"https:\/\/www.notiflashmexiquense.com.mx\/index.php?rest_route=\/wp\/v2\/users\/1"}],"replies":[{"embeddable":true,"href":"https:\/\/www.notiflashmexiquense.com.mx\/index.php?rest_route=%2Fwp%2Fv2%2Fcomments&post=2436"}],"version-history":[{"count":1,"href":"https:\/\/www.notiflashmexiquense.com.mx\/index.php?rest_route=\/wp\/v2\/posts\/2436\/revisions"}],"predecessor-version":[{"id":2438,"href":"https:\/\/www.notiflashmexiquense.com.mx\/index.php?rest_route=\/wp\/v2\/posts\/2436\/revisions\/2438"}],"wp:featuredmedia":[{"embeddable":true,"href":"https:\/\/www.notiflashmexiquense.com.mx\/index.php?rest_route=\/wp\/v2\/media\/2437"}],"wp:attachment":[{"href":"https:\/\/www.notiflashmexiquense.com.mx\/index.php?rest_route=%2Fwp%2Fv2%2Fmedia&parent=2436"}],"wp:term":[{"taxonomy":"category","embeddable":true,"href":"https:\/\/www.notiflashmexiquense.com.mx\/index.php?rest_route=%2Fwp%2Fv2%2Fcategories&post=2436"},{"taxonomy":"post_tag","embeddable":true,"href":"https:\/\/www.notiflashmexiquense.com.mx\/index.php?rest_route=%2Fwp%2Fv2%2Ftags&post=2436"}],"curies":[{"name":"wp","href":"https:\/\/api.w.org\/{rel}","templated":true}]}}