{"id":2408,"date":"2021-07-14T07:34:48","date_gmt":"2021-07-14T07:34:48","guid":{"rendered":"https:\/\/www.notiflashmexiquense.com.mx\/?p=2408"},"modified":"2021-07-14T07:34:49","modified_gmt":"2021-07-14T07:34:49","slug":"papalotla-sede-para-el-pago-de-pension-para-el-bienestar","status":"publish","type":"post","link":"https:\/\/www.notiflashmexiquense.com.mx\/?p=2408","title":{"rendered":"Papalotla, sede para el pago de pensi\u00f3n para el bienestar"},"content":{"rendered":"\n<p>\ud83d\udc49\ud83c\udffdEl d\u00eda de hoy nuestro municipio fue sede para que las personas adultas mayores y personas con discapacidad de los municipios de Tepetlaoxtoc, Chiautla y Papalotla pudieran recibir su pago de recibos telecomm de la pensi\u00f3n para el bienestar. El Sal\u00f3n de Exposiciones fue el lugar en el que se realiz\u00f3 el pago de esta pensi\u00f3n bimestral. El Mtro. Rodrigo Ru\u00edz acudi\u00f3 para reiterar el apoyo y compromiso que se tiene por parte de todos los \u00f3rdenes de Gobierno para seguir trabajando en pro de la ciudadan\u00eda.\ud83e\udd1d\ud83c\udffd<\/p>\n\n\n\n<p>\u270d\ud83c\udffcEl Gobierno Federal a trav\u00e9s de la Secretar\u00eda del Bienestar es quien coordina estos pagos cuyo monto se ha incrementado a partir de esta ocasi\u00f3n.\ud83d\uddc2<\/p>\n\n\n\n<p>\ud83d\ude4f\ud83c\udffdNuestro reconocimiento para todas y todos los que desempe\u00f1an esta labor que apoya a este sector vulnerable de la poblaci\u00f3n.\ud83d\udc75\ud83d\udc68\u200d\ud83e\uddbd<\/p>\n\n\n\n<h4 class=\"wp-block-heading\">PapalotlaIdentidadQueEnorgullece<\/h4>\n","protected":false},"excerpt":{"rendered":"<p>&eth;&#159;&#145;&#137;&eth;&#159;&#143;&frac12;El d&iacute;a de hoy nuestro municipio fue sede para que las personas adultas mayores y&#8230;<\/p>\n","protected":false},"author":1,"featured_media":2409,"comment_status":"closed","ping_status":"closed","sticky":false,"template":"","format":"standard","meta":{"footnotes":""},"categories":[12],"tags":[],"class_list":["post-2408","post","type-post","status-publish","format-standard","has-post-thumbnail","hentry","category-papalotla"],"_links":{"self":[{"href":"https:\/\/www.notiflashmexiquense.com.mx\/index.php?rest_route=\/wp\/v2\/posts\/2408","targetHints":{"allow":["GET"]}}],"collection":[{"href":"https:\/\/www.notiflashmexiquense.com.mx\/index.php?rest_route=\/wp\/v2\/posts"}],"about":[{"href":"https:\/\/www.notiflashmexiquense.com.mx\/index.php?rest_route=\/wp\/v2\/types\/post"}],"author":[{"embeddable":true,"href":"https:\/\/www.notiflashmexiquense.com.mx\/index.php?rest_route=\/wp\/v2\/users\/1"}],"replies":[{"embeddable":true,"href":"https:\/\/www.notiflashmexiquense.com.mx\/index.php?rest_route=%2Fwp%2Fv2%2Fcomments&post=2408"}],"version-history":[{"count":1,"href":"https:\/\/www.notiflashmexiquense.com.mx\/index.php?rest_route=\/wp\/v2\/posts\/2408\/revisions"}],"predecessor-version":[{"id":2410,"href":"https:\/\/www.notiflashmexiquense.com.mx\/index.php?rest_route=\/wp\/v2\/posts\/2408\/revisions\/2410"}],"wp:featuredmedia":[{"embeddable":true,"href":"https:\/\/www.notiflashmexiquense.com.mx\/index.php?rest_route=\/wp\/v2\/media\/2409"}],"wp:attachment":[{"href":"https:\/\/www.notiflashmexiquense.com.mx\/index.php?rest_route=%2Fwp%2Fv2%2Fmedia&parent=2408"}],"wp:term":[{"taxonomy":"category","embeddable":true,"href":"https:\/\/www.notiflashmexiquense.com.mx\/index.php?rest_route=%2Fwp%2Fv2%2Fcategories&post=2408"},{"taxonomy":"post_tag","embeddable":true,"href":"https:\/\/www.notiflashmexiquense.com.mx\/index.php?rest_route=%2Fwp%2Fv2%2Ftags&post=2408"}],"curies":[{"name":"wp","href":"https:\/\/api.w.org\/{rel}","templated":true}]}}