{"id":23950,"date":"2025-10-30T17:01:00","date_gmt":"2025-10-30T17:01:00","guid":{"rendered":"https:\/\/www.notiflashmexiquense.com.mx\/?p=23950"},"modified":"2025-10-31T05:02:27","modified_gmt":"2025-10-31T05:02:27","slug":"obtiene-fiscalia-edomex-vinculacion-a-proceso-en-contra-de-sujeto-investigado-por-el-delito-de-extorsion","status":"publish","type":"post","link":"https:\/\/www.notiflashmexiquense.com.mx\/?p=23950","title":{"rendered":"OBTIENE FISCAL\u00cdA EDOM\u00c9X VINCULACI\u00d3N A PROCESO EN CONTRA DE SUJETO INVESTIGADO POR EL DELITO DE EXTORSI\u00d3N"},"content":{"rendered":"\n<p><\/p>\n\n\n\n<p>\u2022 El investigado habr\u00eda amenazado a la v\u00edctima con hacerle da\u00f1o en caso de no entregar una suma econ\u00f3mica.<\/p>\n\n\n\n<p>Toluca, Estado de M\u00e9xico, 30 de octubre de 2025.- Un individuo identificado como Mart\u00edn \u201cN\u201d &nbsp;fue vinculado a proceso, luego de que la Fiscal\u00eda General de Justicia del Estado de M\u00e9xico (FGJEM) acredit\u00f3 su posible intervenci\u00f3n en el delito de extorsi\u00f3n en agravio de una femenina en el municipio de Texcalyacac.<\/p>\n\n\n\n<p>De acuerdo a la investigaci\u00f3n iniciada por el Agente del Ministerio P\u00fablico, el pasado 7 de septiembre, la v\u00edctima comenz\u00f3 a recibir mensajes de texto a trav\u00e9s de una aplicaci\u00f3n de mensajer\u00eda celular a trav\u00e9s de la cual la amenazaron con hacerle da\u00f1o en caso de no entregar una suma econ\u00f3mica.<\/p>\n\n\n\n<p>Posteriormente, en diferentes fechas, la agraviada continu\u00f3 recibiendo mensajes intimidatorios desde varios n\u00fameros telef\u00f3nicos. En uno de estos mensajes, la v\u00edctima fue citada en un hotel ubicado en el municipio referido, con el fin de sostener un encuentro sexual a cambio de no hacerle da\u00f1o a ella o a sus familiares.<\/p>\n\n\n\n<p>Por lo que la v\u00edctima denunci\u00f3 los hechos y elementos de la Fiscal\u00eda llevaron a cabo una acci\u00f3n operativa que deriv\u00f3 en la detenci\u00f3n de Mart\u00edn \u201cN\u201d, de 33 a\u00f1os, quien es conocido de la v\u00edctima.<\/p>\n\n\n\n<p>El probable implicado posteriormente fue trasladado al Centro de Penitenciario y de Reinserci\u00f3n Social de Tenango del Valle, a disposici\u00f3n de la Autoridad Judicial, quien, tras revisar los datos de prueba aportados por esta Fiscal\u00eda, determin\u00f3 su vinculaci\u00f3n a proceso, con plazo de dos meses y 15 d\u00edas para el cierre de la investigaci\u00f3n complementaria.<\/p>\n\n\n\n<p>Mart\u00edn \u201cN\u201d deber\u00e1 permanecer adem\u00e1s con medida cautelar de prisi\u00f3n preventiva, no obstante, debe ser considerado inocente en tanto no exista una sentencia condenatoria en su contra.<\/p>\n\n\n\n<p>La Fiscal\u00eda General de Justicia mexiquense pone a disposici\u00f3n de la ciudadan\u00eda el correo electr\u00f3nico&nbsp;<a rel=\"noreferrer noopener\" target=\"_blank\" href=\"mailto:cerotolerancia@fiscaliaedomex.gob.mx\">cerotolerancia@fiscaliaedomex.gob.mx<\/a>, el n\u00famero telef\u00f3nico 800 7028770, o bien, la aplicaci\u00f3n FGJEdomex, la cual est\u00e1 disponible de manera gratuita para los tel\u00e9fonos inteligentes de los sistemas iOS y Android, para que en caso de reconocer a este individuo como probable implicado en otro hecho delictivo, sea denunciado<\/p>\n","protected":false},"excerpt":{"rendered":"<p>&bull; El investigado habr&iacute;a amenazado a la v&iacute;ctima con hacerle da&ntilde;o en caso de no&#8230;<\/p>\n","protected":false},"author":1,"featured_media":23951,"comment_status":"closed","ping_status":"closed","sticky":false,"template":"","format":"standard","meta":{"footnotes":""},"categories":[73],"tags":[],"class_list":["post-23950","post","type-post","status-publish","format-standard","has-post-thumbnail","hentry","category-fgjem"],"_links":{"self":[{"href":"https:\/\/www.notiflashmexiquense.com.mx\/index.php?rest_route=\/wp\/v2\/posts\/23950","targetHints":{"allow":["GET"]}}],"collection":[{"href":"https:\/\/www.notiflashmexiquense.com.mx\/index.php?rest_route=\/wp\/v2\/posts"}],"about":[{"href":"https:\/\/www.notiflashmexiquense.com.mx\/index.php?rest_route=\/wp\/v2\/types\/post"}],"author":[{"embeddable":true,"href":"https:\/\/www.notiflashmexiquense.com.mx\/index.php?rest_route=\/wp\/v2\/users\/1"}],"replies":[{"embeddable":true,"href":"https:\/\/www.notiflashmexiquense.com.mx\/index.php?rest_route=%2Fwp%2Fv2%2Fcomments&post=23950"}],"version-history":[{"count":1,"href":"https:\/\/www.notiflashmexiquense.com.mx\/index.php?rest_route=\/wp\/v2\/posts\/23950\/revisions"}],"predecessor-version":[{"id":23952,"href":"https:\/\/www.notiflashmexiquense.com.mx\/index.php?rest_route=\/wp\/v2\/posts\/23950\/revisions\/23952"}],"wp:featuredmedia":[{"embeddable":true,"href":"https:\/\/www.notiflashmexiquense.com.mx\/index.php?rest_route=\/wp\/v2\/media\/23951"}],"wp:attachment":[{"href":"https:\/\/www.notiflashmexiquense.com.mx\/index.php?rest_route=%2Fwp%2Fv2%2Fmedia&parent=23950"}],"wp:term":[{"taxonomy":"category","embeddable":true,"href":"https:\/\/www.notiflashmexiquense.com.mx\/index.php?rest_route=%2Fwp%2Fv2%2Fcategories&post=23950"},{"taxonomy":"post_tag","embeddable":true,"href":"https:\/\/www.notiflashmexiquense.com.mx\/index.php?rest_route=%2Fwp%2Fv2%2Ftags&post=23950"}],"curies":[{"name":"wp","href":"https:\/\/api.w.org\/{rel}","templated":true}]}}