{"id":23186,"date":"2025-09-03T17:30:00","date_gmt":"2025-09-03T17:30:00","guid":{"rendered":"https:\/\/www.notiflashmexiquense.com.mx\/?p=23186"},"modified":"2025-09-03T23:31:21","modified_gmt":"2025-09-03T23:31:21","slug":"atizapan-de-zaragoza-un-municipio-que-brilla-por-sus-logros-y-su-gente-celebra-su-151-aniversario","status":"publish","type":"post","link":"https:\/\/www.notiflashmexiquense.com.mx\/?p=23186","title":{"rendered":"ATIZAP\u00c1N DE ZARAGOZA, UN MUNICIPIO QUE BRILLA POR SUS LOGROS Y SU GENTE, CELEBRA SU 151 ANIVERSARIO"},"content":{"rendered":"\n<p><\/p>\n\n\n\n<p>El Presidente Municipal, Pedro Rodr\u00edguez Villegas, encabez\u00f3 esta ma\u00f1ana la conmemoraci\u00f3n del <em>151 Aniversario de la Erecci\u00f3n del Municipio de Atizap\u00e1n de Zaragoza<\/em>.<\/p>\n\n\n\n<p>En una solemne ceremonia c\u00edvica celebrada en el Patio Central del Palacio Municipal y acompa\u00f1ado por miembros del Cabildo, directores de la Administraci\u00f3n y ciudadanos, el Alcalde reafirm\u00f3 su compromiso de seguir construyendo un municipio que sea referente por sus buenos resultados y un motivo de orgullo para todas las familias que lo habitan.<\/p>\n\n\n\n<p>En su intervenci\u00f3n, Rodr\u00edguez Villegas destac\u00f3 los avances significativos de su gobierno, posicionando a Atizap\u00e1n como un modelo a seguir.<\/p>\n\n\n\n<p><em>\u00abQueremos que sea un municipio que brille, que brille por cosas positivas\u00bb<\/em>, afirm\u00f3 el Edil.<\/p>\n\n\n\n<p>Subray\u00f3 los logros clave que definen su Administraci\u00f3n: <em>\u00absomos un referente en el tema de seguridad, somos un referente de cuando se manejan las finanzas de una manera transparente, s\u00f3lida y honrada. Hemos demostrado que podemos realizar m\u00e1s de 2,000 millones de pesos de inversi\u00f3n en obra p\u00fablica, sin pedir un solo cr\u00e9dito\u00bb<\/em>.<\/p>\n\n\n\n<p>Con un llamado a la unidad a todo su equipo de trabajo, el Alcalde invit\u00f3 a continuar sirviendo con calidez y eficiencia.<\/p>\n\n\n\n<p><em>\u00abEn esta Administraci\u00f3n no queremos ser un gobierno m\u00e1s y es a lo que los invito a todas y a todos ustedes, a que en cada acci\u00f3n que realicen dejen huella para que el d\u00eda de ma\u00f1ana la ciudadan\u00eda recuerde c\u00f3mo trabaj\u00f3 este gobierno\u00bb<\/em>, concluy\u00f3.<\/p>\n\n\n\n<p>El evento cont\u00f3 con la distinguida presencia del Mtro. Alfonso Campuzano Ram\u00edrez, Director General de Innovaci\u00f3n del Gobierno del Estado de M\u00e9xico, quien acudi\u00f3 en representaci\u00f3n personal de la Maestra Delfina G\u00f3mez \u00c1lvarez, Gobernadora Constitucional del Estado de M\u00e9xico.<\/p>\n\n\n\n<p>Campuzano Ram\u00edrez transmiti\u00f3 una sincera felicitaci\u00f3n de parte de la Gobernadora y reconoci\u00f3 la labor del Alcalde Rodr\u00edguez Villegas <em>\u00abpara atender las necesidades m\u00e1s apremiantes de la poblaci\u00f3n y resolver con oportunidad los problemas p\u00fablicos que les aquejan\u00bb<\/em>.<\/p>\n\n\n\n<p>Asimismo, reafirm\u00f3 la alianza entre ambos niveles de gobierno, destacando que en el Gobierno del Estado de M\u00e9xico, Atizap\u00e1n <em>\u00abtiene un aliado para propiciar y mantener estrechos lazos de colaboraci\u00f3n que contribuyan al logro de los objetivos orientados al desarrollo municipal\u00bb<\/em>.<\/p>\n\n\n\n<p>La ceremonia c\u00edvica,&nbsp; estuvo llena de simbolismo e historia. Incluy\u00f3 los honores a la bandera, una intervenci\u00f3n del Cronista Municipal, Lic. Arturo Trueba Urb\u00e1n, para recordar los or\u00edgenes del municipio, y la lectura del Decreto de la Creaci\u00f3n del Municipio de Atizap\u00e1n de Zaragoza, a cargo del Mtro. Edmundo Rafael Ranero Barrera, Secretario del H. Ayuntamiento.<\/p>\n\n\n\n<p>Este acto solemne no solo celebra 151 a\u00f1os de historia, sino que tambi\u00e9n refrenda el compromiso de la actual Administraci\u00f3n por un futuro pr\u00f3spero, seguro y transparente para todas y todos los atizapenses.<\/p>\n","protected":false},"excerpt":{"rendered":"<p>El Presidente Municipal, Pedro Rodr&iacute;guez Villegas, encabez&oacute; esta ma&ntilde;ana la conmemoraci&oacute;n del 151 Aniversario de&#8230;<\/p>\n","protected":false},"author":1,"featured_media":23187,"comment_status":"closed","ping_status":"closed","sticky":false,"template":"","format":"standard","meta":{"footnotes":""},"categories":[45],"tags":[],"class_list":["post-23186","post","type-post","status-publish","format-standard","has-post-thumbnail","hentry","category-atizapan-de-zaragoza"],"_links":{"self":[{"href":"https:\/\/www.notiflashmexiquense.com.mx\/index.php?rest_route=\/wp\/v2\/posts\/23186","targetHints":{"allow":["GET"]}}],"collection":[{"href":"https:\/\/www.notiflashmexiquense.com.mx\/index.php?rest_route=\/wp\/v2\/posts"}],"about":[{"href":"https:\/\/www.notiflashmexiquense.com.mx\/index.php?rest_route=\/wp\/v2\/types\/post"}],"author":[{"embeddable":true,"href":"https:\/\/www.notiflashmexiquense.com.mx\/index.php?rest_route=\/wp\/v2\/users\/1"}],"replies":[{"embeddable":true,"href":"https:\/\/www.notiflashmexiquense.com.mx\/index.php?rest_route=%2Fwp%2Fv2%2Fcomments&post=23186"}],"version-history":[{"count":1,"href":"https:\/\/www.notiflashmexiquense.com.mx\/index.php?rest_route=\/wp\/v2\/posts\/23186\/revisions"}],"predecessor-version":[{"id":23188,"href":"https:\/\/www.notiflashmexiquense.com.mx\/index.php?rest_route=\/wp\/v2\/posts\/23186\/revisions\/23188"}],"wp:featuredmedia":[{"embeddable":true,"href":"https:\/\/www.notiflashmexiquense.com.mx\/index.php?rest_route=\/wp\/v2\/media\/23187"}],"wp:attachment":[{"href":"https:\/\/www.notiflashmexiquense.com.mx\/index.php?rest_route=%2Fwp%2Fv2%2Fmedia&parent=23186"}],"wp:term":[{"taxonomy":"category","embeddable":true,"href":"https:\/\/www.notiflashmexiquense.com.mx\/index.php?rest_route=%2Fwp%2Fv2%2Fcategories&post=23186"},{"taxonomy":"post_tag","embeddable":true,"href":"https:\/\/www.notiflashmexiquense.com.mx\/index.php?rest_route=%2Fwp%2Fv2%2Ftags&post=23186"}],"curies":[{"name":"wp","href":"https:\/\/api.w.org\/{rel}","templated":true}]}}