{"id":23177,"date":"2025-09-02T18:27:00","date_gmt":"2025-09-02T18:27:00","guid":{"rendered":"https:\/\/www.notiflashmexiquense.com.mx\/?p=23177"},"modified":"2025-09-03T03:28:18","modified_gmt":"2025-09-03T03:28:18","slug":"por-homicidio-registrado-en-ixtapaluca-obtiene-fiscalia-edomex-vinculacion-a-proceso-en-contra-de-sujeto-por-homicidio-en-agravio-de-un-masculino","status":"publish","type":"post","link":"https:\/\/www.notiflashmexiquense.com.mx\/?p=23177","title":{"rendered":"POR HOMICIDIO REGISTRADO EN IXTAPALUCA, OBTIENE FISCAL\u00cdA EDOM\u00c9X VINCULACI\u00d3N A PROCESO EN CONTRA DE SUJETO POR HOMICIDIO EN AGRAVIO DE UN MASCULINO"},"content":{"rendered":"\n<p><strong><br><\/strong><\/p>\n\n\n\n<figure class=\"wp-block-table\"><table class=\"has-fixed-layout\"><tbody><tr><td><strong><em>Como hip\u00f3tesis investigativa para el esclarecimiento del homicidio se establece disputas con c\u00e9lulas delictivas dedicadas al robo a transporte de carga y delitos contra la salud<\/em><\/strong><\/td><\/tr><\/tbody><\/table><\/figure>\n\n\n\n<p><strong><em>Toluca, Estado de M\u00e9xico, 02 de septiembre de 2025.-<\/em><\/strong>&nbsp;La&nbsp;<strong>Fiscal\u00eda General de Justicia del Estado de M\u00e9xico (FGJEM)<\/strong>&nbsp;obtuvo vinculaci\u00f3n a proceso en contra de&nbsp;<strong>Alan Alfonso \u201cN\u201d<\/strong>, quien es investigado por su posible intervenci\u00f3n en el delito de homicidio en agravio de un hombre de iniciales&nbsp;<strong>S.H.Z.<\/strong>, perpetrado en el municipio de Ixtapaluca.<\/p>\n\n\n\n<p>Los hechos que se le imputan se registraron el pasado 11 de agosto, cuando&nbsp;<strong>Alan Alfonso \u201cN\u201d<\/strong>&nbsp;y otro individuo acudieron a un domicilio ubicado en la colonia San Buenaventura, en el municipio de Ixtapaluca, donde el ahora detenido le habr\u00eda ordenado a otro sujeto agredir con disparo de arma de fuego a la v\u00edctima caus\u00e1ndoles la muerte. Tras la comisi\u00f3n del il\u00edcito los implicados huyeron a bordo de una motocicleta que conduc\u00eda un tercer sujeto.<\/p>\n\n\n\n<p>El avance de las indagatorias permiti\u00f3 establecer que, previo al homicidio, el hoy detenido habr\u00eda realizado actos de vigilancia para analizar los movimientos de la v\u00edctima, incluso posterior a los hechos habr\u00eda regresado al lugar para verificar que la v\u00edctima hubiera perdido la vida.<\/p>\n\n\n\n<p>Con la informaci\u00f3n obtenida a trav\u00e9s de los actos de investigaci\u00f3n, se logr\u00f3 establecer que&nbsp;<strong>Alan Alfonso \u201cN\u201d,<\/strong>&nbsp;presuntamente es quien particip\u00f3 en los hechos, por lo cual el Agente del Ministerio P\u00fablico solicit\u00f3 y obtuvo de la Autoridad Judicial orden de aprehensi\u00f3n en su contra.<\/p>\n\n\n\n<p>Tras ser aprehendido, fue ingresado al Centro Penitenciario y de Reinserci\u00f3n Social de Chalco, a disposici\u00f3n del \u00d3rgano Jurisdiccional, quien luego de revisar los datos de prueba recabados y aportados por esta&nbsp;<strong>Fiscal\u00eda<\/strong>, determin\u00f3 su vinculaci\u00f3n a proceso e impuso medida cautelar de prisi\u00f3n preventiva y plazo de dos meses para el cierre de investigaci\u00f3n complementaria.<\/p>\n\n\n\n<p>Cabe mencionar que la v\u00edctima identificada como&nbsp;<strong>S.H.Z.<\/strong>, con base en se\u00f1alamientos de v\u00edctimas, era indagado por esta Fiscal\u00eda por su presunta participaci\u00f3n en hechos delictivos de robo con violencia a transporte de carga as\u00ed como delitos contra la salud y manten\u00eda pugnas con c\u00e9lulas delictivas rivales, lo cual forma parte de las hip\u00f3tesis investigativas para el esclarecimiento del homicidio en su agravio.<\/p>\n\n\n\n<p>De manera previa, en septiembre del a\u00f1o 2024, la v\u00edctima report\u00f3 la desaparici\u00f3n de su hijo, un joven de 18 a\u00f1os de iniciales J.A.H.V., hechos por los que la&nbsp;<strong>Fiscal\u00eda del Estado de M\u00e9xico<\/strong>&nbsp;obtuvo vinculaci\u00f3n a proceso de cinco sujetos por su probable participaci\u00f3n en el il\u00edcito de desaparici\u00f3n cometida por particulares.<\/p>\n\n\n\n<p>El detenido debe ser considerado inocente en tanto no exista una sentencia condenatoria en su contra.<\/p>\n\n\n\n<p>La&nbsp;<strong>Fiscal\u00eda General de Justicia del Estado de M\u00e9xico<\/strong>&nbsp;pone a disposici\u00f3n de la ciudadan\u00eda el correo electr\u00f3nico&nbsp;<a rel=\"noreferrer noopener\" target=\"_blank\" href=\"mailto:cerotolerancia@fiscaliaedomex.gob.mx\">cerotolerancia@fiscaliaedomex.gob.mx<\/a>, el n\u00famero telef\u00f3nico 800 7028770, o bien, la aplicaci\u00f3n FGJEdomex, la cual est\u00e1 disponible de manera gratuita para los tel\u00e9fonos inteligentes de los sistemas iOS y Android, para que denuncie cualquier hecho delictivo.<\/p>\n","protected":false},"excerpt":{"rendered":"<p>Como hip&oacute;tesis investigativa para el esclarecimiento del homicidio se establece disputas con c&eacute;lulas delictivas dedicadas&#8230;<\/p>\n","protected":false},"author":1,"featured_media":23178,"comment_status":"closed","ping_status":"closed","sticky":false,"template":"","format":"standard","meta":{"footnotes":""},"categories":[73],"tags":[],"class_list":["post-23177","post","type-post","status-publish","format-standard","has-post-thumbnail","hentry","category-fgjem"],"_links":{"self":[{"href":"https:\/\/www.notiflashmexiquense.com.mx\/index.php?rest_route=\/wp\/v2\/posts\/23177","targetHints":{"allow":["GET"]}}],"collection":[{"href":"https:\/\/www.notiflashmexiquense.com.mx\/index.php?rest_route=\/wp\/v2\/posts"}],"about":[{"href":"https:\/\/www.notiflashmexiquense.com.mx\/index.php?rest_route=\/wp\/v2\/types\/post"}],"author":[{"embeddable":true,"href":"https:\/\/www.notiflashmexiquense.com.mx\/index.php?rest_route=\/wp\/v2\/users\/1"}],"replies":[{"embeddable":true,"href":"https:\/\/www.notiflashmexiquense.com.mx\/index.php?rest_route=%2Fwp%2Fv2%2Fcomments&post=23177"}],"version-history":[{"count":1,"href":"https:\/\/www.notiflashmexiquense.com.mx\/index.php?rest_route=\/wp\/v2\/posts\/23177\/revisions"}],"predecessor-version":[{"id":23179,"href":"https:\/\/www.notiflashmexiquense.com.mx\/index.php?rest_route=\/wp\/v2\/posts\/23177\/revisions\/23179"}],"wp:featuredmedia":[{"embeddable":true,"href":"https:\/\/www.notiflashmexiquense.com.mx\/index.php?rest_route=\/wp\/v2\/media\/23178"}],"wp:attachment":[{"href":"https:\/\/www.notiflashmexiquense.com.mx\/index.php?rest_route=%2Fwp%2Fv2%2Fmedia&parent=23177"}],"wp:term":[{"taxonomy":"category","embeddable":true,"href":"https:\/\/www.notiflashmexiquense.com.mx\/index.php?rest_route=%2Fwp%2Fv2%2Fcategories&post=23177"},{"taxonomy":"post_tag","embeddable":true,"href":"https:\/\/www.notiflashmexiquense.com.mx\/index.php?rest_route=%2Fwp%2Fv2%2Ftags&post=23177"}],"curies":[{"name":"wp","href":"https:\/\/api.w.org\/{rel}","templated":true}]}}