{"id":23156,"date":"2025-09-01T18:16:00","date_gmt":"2025-09-01T18:16:00","guid":{"rendered":"https:\/\/www.notiflashmexiquense.com.mx\/?p=23156"},"modified":"2025-09-02T01:18:29","modified_gmt":"2025-09-02T01:18:29","slug":"el-gobierno-de-atizapan-de-zaragoza-lanza-convocatoria-para-el-programa-de-becas-municipales-2025-en-apoyo-a-la-educacion-y-economia-familiar","status":"publish","type":"post","link":"https:\/\/www.notiflashmexiquense.com.mx\/?p=23156","title":{"rendered":"EL GOBIERNO DE ATIZAP\u00c1N DE ZARAGOZA LANZA CONVOCATORIA PARA EL PROGRAMA DE BECAS MUNICIPALES 2025, EN APOYO A LA EDUCACI\u00d3N Y ECONOM\u00cdA FAMILIAR"},"content":{"rendered":"\n<p><\/p>\n\n\n\n<p><\/p>\n\n\n\n<p>Comprometido con el desarrollo de las familias atizapenses, el gobierno municipal, encabezado por el Presidente Pedro Rodr\u00edguez Villegas, anunci\u00f3 el lanzamiento de la convocatoria del Programa de Becas Municipales 2025.<\/p>\n\n\n\n<p>Esta iniciativa tiene como objetivo fundamental apoyar a las y los estudiantes del municipio para que puedan continuar y concluir satisfactoriamente sus estudios, reconociendo su esfuerzo y contribuyendo a la econom\u00eda familiar.<\/p>\n\n\n\n<p>El Alcalde ha reiterado que \u00abla educaci\u00f3n es la mejor inversi\u00f3n que podemos hacer por el futuro de nuestros ni\u00f1os y j\u00f3venes\u00bb.<\/p>\n\n\n\n<p>En este sentido, el programa, financiado en su totalidad con recursos municipales, est\u00e1 dise\u00f1ado para beneficiar a estudiantes de los niveles b\u00e1sico, medio superior y superior.<\/p>\n\n\n\n<p>El programa cuenta con tres vertientes principales para asegurar que el apoyo llegue a quienes m\u00e1s lo necesitan.<\/p>\n\n\n\n<p>La primera es por Vulnerabilidad Econ\u00f3mica, dirigida a estudiantes de nivel b\u00e1sico, medio superior y superior inscritos en instituciones p\u00fablicas, con el fin de mitigar las barreras econ\u00f3micas que dificultan su trayectoria acad\u00e9mica.<\/p>\n\n\n\n<p>La segunda modalidad es la de Excelencia Acad\u00e9mica, un reconocimiento para alumnos de primaria, secundaria, nivel medio superior y superior con un promedio m\u00ednimo de 9.7, incentivando as\u00ed su dedicaci\u00f3n y talento.<\/p>\n\n\n\n<p>Finalmente, la vertiente de Diferentes Discapacidades ofrece un apoyo crucial para estudiantes con alguna discapacidad f\u00edsica, intelectual o sensorial, garantizando su inclusi\u00f3n y acceso a la formaci\u00f3n educativa.<\/p>\n\n\n\n<p>Para este ciclo escolar 2025, se otorgar\u00e1 un total de 10,748 becas, que consistir\u00e1n en un pago \u00fanico que va desde los $3,000.00 hasta los $4,000.00 pesos.<\/p>\n\n\n\n<p>De estas, 9,000 becas se destinar\u00e1n a estudiantes de nivel b\u00e1sico en situaci\u00f3n de vulnerabilidad econ\u00f3mica, 1,000 a los de nivel medio superior y superior bajo la misma condici\u00f3n, 428 ser\u00e1n para premiar la excelencia acad\u00e9mica y 320 para apoyar a estudiantes con diferentes discapacidades.<\/p>\n\n\n\n<p>Es de suma importancia que las familias interesadas tomen nota de las fechas clave del proceso.<\/p>\n\n\n\n<p>El registro en l\u00ednea se llevar\u00e1 a cabo del lunes 15 al mi\u00e9rcoles 24 de septiembre de 2025, y el tr\u00e1mite se realizar\u00e1 exclusivamente a trav\u00e9s de la p\u00e1gina web: https:\/\/becas.atizapan.gob.mx<\/p>\n\n\n\n<p>&nbsp;Posteriormente, la publicaci\u00f3n de resultados con los folios de los beneficiarios se dar\u00e1 a conocer a partir del 27 de octubre de 2025 en la aplicaci\u00f3n m\u00f3vil \u00abAtizap\u00e1n te Escucha\u00bb, en el portal web del Ayuntamiento y en las redes sociales oficiales.<\/p>\n\n\n\n<p>La entrega de las becas se realizar\u00e1 en el mes de noviembre, de acuerdo con el calendario que ser\u00e1 publicado.<\/p>\n\n\n\n<p>Para realizar el tr\u00e1mite, los padres de familia o tutores deber\u00e1n llenar la solicitud y el estudio socioecon\u00f3mico en l\u00ednea, adem\u00e1s de adjuntar la documentaci\u00f3n requerida en formato PDF.<\/p>\n\n\n\n<p>Es fundamental cumplir con todos los requisitos, como ser residente de Atizap\u00e1n de Zaragoza y estar inscrito en una instituci\u00f3n educativa p\u00fablica.<\/p>\n\n\n\n<p>Para conocer a detalle todos los requisitos, la documentaci\u00f3n necesaria y la lista de escuelas participantes, se invita a la ciudadan\u00eda a consultar la convocatoria completa en la p\u00e1gina oficial del Ayuntamiento: www.atizapan.gob.mx<\/p>\n\n\n\n<p>Este programa es un claro reflejo del compromiso del gobierno del Presidente Pedro Rodr\u00edguez Villegas con la educaci\u00f3n como pilar para el crecimiento y la construcci\u00f3n de un mejor futuro para todas las familias de Atizap\u00e1n de Zaragoza.<\/p>\n","protected":false},"excerpt":{"rendered":"<p>Comprometido con el desarrollo de las familias atizapenses, el gobierno municipal, encabezado por el Presidente&#8230;<\/p>\n","protected":false},"author":1,"featured_media":23157,"comment_status":"closed","ping_status":"closed","sticky":false,"template":"","format":"standard","meta":{"footnotes":""},"categories":[45],"tags":[],"class_list":["post-23156","post","type-post","status-publish","format-standard","has-post-thumbnail","hentry","category-atizapan-de-zaragoza"],"_links":{"self":[{"href":"https:\/\/www.notiflashmexiquense.com.mx\/index.php?rest_route=\/wp\/v2\/posts\/23156","targetHints":{"allow":["GET"]}}],"collection":[{"href":"https:\/\/www.notiflashmexiquense.com.mx\/index.php?rest_route=\/wp\/v2\/posts"}],"about":[{"href":"https:\/\/www.notiflashmexiquense.com.mx\/index.php?rest_route=\/wp\/v2\/types\/post"}],"author":[{"embeddable":true,"href":"https:\/\/www.notiflashmexiquense.com.mx\/index.php?rest_route=\/wp\/v2\/users\/1"}],"replies":[{"embeddable":true,"href":"https:\/\/www.notiflashmexiquense.com.mx\/index.php?rest_route=%2Fwp%2Fv2%2Fcomments&post=23156"}],"version-history":[{"count":1,"href":"https:\/\/www.notiflashmexiquense.com.mx\/index.php?rest_route=\/wp\/v2\/posts\/23156\/revisions"}],"predecessor-version":[{"id":23158,"href":"https:\/\/www.notiflashmexiquense.com.mx\/index.php?rest_route=\/wp\/v2\/posts\/23156\/revisions\/23158"}],"wp:featuredmedia":[{"embeddable":true,"href":"https:\/\/www.notiflashmexiquense.com.mx\/index.php?rest_route=\/wp\/v2\/media\/23157"}],"wp:attachment":[{"href":"https:\/\/www.notiflashmexiquense.com.mx\/index.php?rest_route=%2Fwp%2Fv2%2Fmedia&parent=23156"}],"wp:term":[{"taxonomy":"category","embeddable":true,"href":"https:\/\/www.notiflashmexiquense.com.mx\/index.php?rest_route=%2Fwp%2Fv2%2Fcategories&post=23156"},{"taxonomy":"post_tag","embeddable":true,"href":"https:\/\/www.notiflashmexiquense.com.mx\/index.php?rest_route=%2Fwp%2Fv2%2Ftags&post=23156"}],"curies":[{"name":"wp","href":"https:\/\/api.w.org\/{rel}","templated":true}]}}