{"id":23132,"date":"2025-08-30T15:00:00","date_gmt":"2025-08-30T15:00:00","guid":{"rendered":"https:\/\/www.notiflashmexiquense.com.mx\/?p=23132"},"modified":"2025-08-31T03:02:22","modified_gmt":"2025-08-31T03:02:22","slug":"obtiene-fiscalia-mexiquense-vinculacion-a-proceso-contra-individuo-investigado-por-robo-de-vehiculo-con-violencia-perpetrado-en-el-municipio-de-tlalnepantla","status":"publish","type":"post","link":"https:\/\/www.notiflashmexiquense.com.mx\/?p=23132","title":{"rendered":"OBTIENE FISCAL\u00cdA MEXIQUENSE VINCULACI\u00d3N A PROCESO CONTRA INDIVIDUO INVESTIGADO POR ROBO DE VEH\u00cdCULO CON VIOLENCIA PERPETRADO EN EL MUNICIPIO DE TLALNEPANTLA"},"content":{"rendered":"\n<p><\/p>\n\n\n\n<figure class=\"wp-block-table\"><table class=\"has-fixed-layout\"><tbody><tr><td><strong><em>&nbsp;<\/em><\/strong><strong><em>\u2022&nbsp;&nbsp;&nbsp;&nbsp;&nbsp;&nbsp;&nbsp; EL investigado y otros tres masculinos habr\u00edan amenazado con armas de fuego a una familia para despojarlos de su unidad.<\/em><\/strong><\/td><\/tr><\/tbody><\/table><\/figure>\n\n\n\n<p><strong>Tlalnepantla, Estado de M\u00e9xico, 30 de agosto de 2025.-<\/strong>&nbsp;Luego de recabar y aportar los datos de prueba necesarios ante la Autoridad Judicial, la Fiscal\u00eda General de Justicia del Estado de M\u00e9xico (FGJEM) obtuvo la vinculaci\u00f3n a proceso en contra de un individuo identificado como Hugo \u201cN\u201d, quien es investigado por el delito de robo de veh\u00edculo con violencia.<\/p>\n\n\n\n<p>Los hechos que se le imputan se registraron el pasado 20 de agosto de 2025, cuando la v\u00edctima, se encontraba en el boulevard Quer\u00e9taro, en la colonia Viveros del Valle, perteneciente al municipio de Tlalnepantla, a bordo de su veh\u00edculo marca Volkswagen, tipo Jetta, en compa\u00f1\u00eda de su esposa y de uno de sus hijos, momento en el que arrib\u00f3 el hoy investigado junto con otros tres masculinos, portando armas de fuego con las que la amagaron, y con lenguaje intimidatorio los desapoderaron de la unidad para despu\u00e9s darse a la fuga.<\/p>\n\n\n\n<p>Una vez que se tuvo conocimiento de estos hechos, el Agente del Ministerio P\u00fablico inici\u00f3 actos de investigaci\u00f3n que permitieron identificar a Hugo \u201cN\u201d como posible part\u00edcipe de este hecho delictivo.<\/p>\n\n\n\n<p>Tras ser detenido, este individuo fue ingresado al Centro Penitenciario y de Reinserci\u00f3n Social de la zona, a disposici\u00f3n de un Juez, quien tras proceso legal determin\u00f3 auto de vinculaci\u00f3n a proceso en contra del investigado, el plazo de un mes para el cierre de la investigaci\u00f3n complementaria y la prisi\u00f3n preventiva justificada. No obstante, debe ser considerado inocente hasta que sea dictada una sentencia condenatoria en su contra.<\/p>\n\n\n\n<p>La Fiscal\u00eda General de Justicia del Estado de M\u00e9xico pone a disposici\u00f3n de la ciudadan\u00eda el correo electr\u00f3nico&nbsp;<a rel=\"noreferrer noopener\" target=\"_blank\" href=\"mailto:cerotolerancia@fiscaliaedomex.gob.mx\">cerotolerancia@fiscaliaedomex.gob.mx<\/a>, el n\u00famero telef\u00f3nico 800 7028770, o bien, la aplicaci\u00f3n FGJEdomex, la cual est\u00e1 disponible de manera gratuita para los tel\u00e9fonos inteligentes de los sistemas iOS y Android, para que denuncie cualquier hecho delictivo.<\/p>\n","protected":false},"excerpt":{"rendered":"<p>&nbsp;&bull;&nbsp;&nbsp;&nbsp;&nbsp;&nbsp;&nbsp;&nbsp; EL investigado y otros tres masculinos habr&iacute;an amenazado con armas de fuego a una&#8230;<\/p>\n","protected":false},"author":1,"featured_media":23133,"comment_status":"closed","ping_status":"closed","sticky":false,"template":"","format":"standard","meta":{"footnotes":""},"categories":[73],"tags":[],"class_list":["post-23132","post","type-post","status-publish","format-standard","has-post-thumbnail","hentry","category-fgjem"],"_links":{"self":[{"href":"https:\/\/www.notiflashmexiquense.com.mx\/index.php?rest_route=\/wp\/v2\/posts\/23132","targetHints":{"allow":["GET"]}}],"collection":[{"href":"https:\/\/www.notiflashmexiquense.com.mx\/index.php?rest_route=\/wp\/v2\/posts"}],"about":[{"href":"https:\/\/www.notiflashmexiquense.com.mx\/index.php?rest_route=\/wp\/v2\/types\/post"}],"author":[{"embeddable":true,"href":"https:\/\/www.notiflashmexiquense.com.mx\/index.php?rest_route=\/wp\/v2\/users\/1"}],"replies":[{"embeddable":true,"href":"https:\/\/www.notiflashmexiquense.com.mx\/index.php?rest_route=%2Fwp%2Fv2%2Fcomments&post=23132"}],"version-history":[{"count":1,"href":"https:\/\/www.notiflashmexiquense.com.mx\/index.php?rest_route=\/wp\/v2\/posts\/23132\/revisions"}],"predecessor-version":[{"id":23134,"href":"https:\/\/www.notiflashmexiquense.com.mx\/index.php?rest_route=\/wp\/v2\/posts\/23132\/revisions\/23134"}],"wp:featuredmedia":[{"embeddable":true,"href":"https:\/\/www.notiflashmexiquense.com.mx\/index.php?rest_route=\/wp\/v2\/media\/23133"}],"wp:attachment":[{"href":"https:\/\/www.notiflashmexiquense.com.mx\/index.php?rest_route=%2Fwp%2Fv2%2Fmedia&parent=23132"}],"wp:term":[{"taxonomy":"category","embeddable":true,"href":"https:\/\/www.notiflashmexiquense.com.mx\/index.php?rest_route=%2Fwp%2Fv2%2Fcategories&post=23132"},{"taxonomy":"post_tag","embeddable":true,"href":"https:\/\/www.notiflashmexiquense.com.mx\/index.php?rest_route=%2Fwp%2Fv2%2Ftags&post=23132"}],"curies":[{"name":"wp","href":"https:\/\/api.w.org\/{rel}","templated":true}]}}