{"id":23126,"date":"2025-08-29T19:35:00","date_gmt":"2025-08-29T19:35:00","guid":{"rendered":"https:\/\/www.notiflashmexiquense.com.mx\/?p=23126"},"modified":"2025-08-30T02:36:59","modified_gmt":"2025-08-30T02:36:59","slug":"fiscalia-edomex-y-guardia-civil-de-tecamac-recuperan-vehiculos-de-carga-con-reporte-de-robo-valuados-en-mas-de-5-millones-de-pesos","status":"publish","type":"post","link":"https:\/\/www.notiflashmexiquense.com.mx\/?p=23126","title":{"rendered":"FISCAL\u00cdA EDOM\u00c9X Y GUARDIA CIVIL DE TEC\u00c1MAC RECUPERAN VEH\u00cdCULOS DE CARGA CON REPORTE DE ROBO, VALUADOS EN M\u00c1S DE 5 MILLONES DE PESOS"},"content":{"rendered":"\n<p><\/p>\n\n\n\n<p>\u00b7 En el lugar tambi\u00e9n fueron aseguradas autopartes de veh\u00edculos reportados como robados o con alteraciones en los medios de identificaci\u00f3n.<\/p>\n\n\n\n<p>Tec\u00e1mac, Estado de M\u00e9xico, 29 de agosto de 2025.- Agentes de la Fiscal\u00eda General de Justicia del Estado de M\u00e9xico (FGJEM), en conjunto con elementos de la Guardia Civil de Tec\u00e1mac, ejecutaron t\u00e9cnica de investigaci\u00f3n de cateo en un inmueble ubicado en este municipio, donde fueron recuperados veh\u00edculos de carga y autopartes, valuados en aproximadamente 5 millones 800 mil pesos.<\/p>\n\n\n\n<pre class=\"wp-block-code\"><code>        Derivado de una denuncia iniciada por el robo de un veh\u00edculo marca Kenworth, registrado el pasado 8 de agosto en el circuito exterior mexiquense, colonia San Andr\u00e9s Jaltenco, en el municipio de Jaltenco, el cual al parecer se encontraba oculto en un domicilio en Tec\u00e1mac, el Agente del Ministerio P\u00fablico solicit\u00f3 a la Autoridad Judicial librar orden de cateo para ese inmueble.\n\n        Una vez que este mandamiento judicial fue otorgado, personal de la Fiscal\u00eda Edom\u00e9x y elementos de la Guardia Civil de Tec\u00e1mac, ingresaron a un predio ubicado en la avenida Los Arcos, colonia Ojo de Agua, donde fueron asegurados cinco veh\u00edculos de carga, de diferentes marcas y modelos, uno de los cuales ten\u00eda reporte de robo, en tanto que los dem\u00e1s presentaban anomal\u00edas en los medios de identificaci\u00f3n o no contaban con los mismos.\n\n        De igual forma en el sitio fueron aseguradas autopartes como dos chasis y dos cabinas de veh\u00edculos reportados como robados, as\u00ed como un veh\u00edculo tipo Jaula, sin medios de identificaci\u00f3n.\n\n        Al t\u00e9rmino de la diligencia el inmueble qued\u00f3 asegurado y fueron colocados sellos en las puertas de acceso. En tanto que la Fiscal\u00eda Edom\u00e9x contin\u00faa con las indagatorias a fin de poder identificar y detener a probables responsables en los hechos.<\/code><\/pre>\n\n\n\n<p>La Fiscal\u00eda General de Justicia del Estado de M\u00e9xico pone a disposici\u00f3n de la ciudadan\u00eda el correo electr\u00f3nico cerotolerancia@fiscaliaedomex.gob.mx, el n\u00famero telef\u00f3nico 800 7028770, o bien, la aplicaci\u00f3n FGJEdomex, la cual est\u00e1 disponible de manera gratuita para los tel\u00e9fonos inteligentes de los sistemas iOS y Android, para que denuncie cualquier hecho delictivo.<\/p>\n\n\n\n<p>oo0oo<\/p>\n","protected":false},"excerpt":{"rendered":"<p>&middot; En el lugar tambi&eacute;n fueron aseguradas autopartes de veh&iacute;culos reportados como robados o con&#8230;<\/p>\n","protected":false},"author":1,"featured_media":23127,"comment_status":"closed","ping_status":"closed","sticky":false,"template":"","format":"standard","meta":{"footnotes":""},"categories":[73],"tags":[],"class_list":["post-23126","post","type-post","status-publish","format-standard","has-post-thumbnail","hentry","category-fgjem"],"_links":{"self":[{"href":"https:\/\/www.notiflashmexiquense.com.mx\/index.php?rest_route=\/wp\/v2\/posts\/23126","targetHints":{"allow":["GET"]}}],"collection":[{"href":"https:\/\/www.notiflashmexiquense.com.mx\/index.php?rest_route=\/wp\/v2\/posts"}],"about":[{"href":"https:\/\/www.notiflashmexiquense.com.mx\/index.php?rest_route=\/wp\/v2\/types\/post"}],"author":[{"embeddable":true,"href":"https:\/\/www.notiflashmexiquense.com.mx\/index.php?rest_route=\/wp\/v2\/users\/1"}],"replies":[{"embeddable":true,"href":"https:\/\/www.notiflashmexiquense.com.mx\/index.php?rest_route=%2Fwp%2Fv2%2Fcomments&post=23126"}],"version-history":[{"count":1,"href":"https:\/\/www.notiflashmexiquense.com.mx\/index.php?rest_route=\/wp\/v2\/posts\/23126\/revisions"}],"predecessor-version":[{"id":23128,"href":"https:\/\/www.notiflashmexiquense.com.mx\/index.php?rest_route=\/wp\/v2\/posts\/23126\/revisions\/23128"}],"wp:featuredmedia":[{"embeddable":true,"href":"https:\/\/www.notiflashmexiquense.com.mx\/index.php?rest_route=\/wp\/v2\/media\/23127"}],"wp:attachment":[{"href":"https:\/\/www.notiflashmexiquense.com.mx\/index.php?rest_route=%2Fwp%2Fv2%2Fmedia&parent=23126"}],"wp:term":[{"taxonomy":"category","embeddable":true,"href":"https:\/\/www.notiflashmexiquense.com.mx\/index.php?rest_route=%2Fwp%2Fv2%2Fcategories&post=23126"},{"taxonomy":"post_tag","embeddable":true,"href":"https:\/\/www.notiflashmexiquense.com.mx\/index.php?rest_route=%2Fwp%2Fv2%2Ftags&post=23126"}],"curies":[{"name":"wp","href":"https:\/\/api.w.org\/{rel}","templated":true}]}}