{"id":19964,"date":"2025-01-11T13:11:00","date_gmt":"2025-01-11T13:11:00","guid":{"rendered":"https:\/\/www.notiflashmexiquense.com.mx\/?p=19964"},"modified":"2025-01-11T20:12:35","modified_gmt":"2025-01-11T20:12:35","slug":"en-sesion-de-cabildo-de-naucalpan-se-reconoce-labor-de-37-anos-de-elemento-de-seguridad","status":"publish","type":"post","link":"https:\/\/www.notiflashmexiquense.com.mx\/?p=19964","title":{"rendered":"EN SESI\u00d3N DE CABILDO DE NAUCALPAN SE RECONOCE LABOR DE 37 A\u00d1OS DE ELEMENTO DE SEGURIDAD"},"content":{"rendered":"\n<p><\/p>\n\n\n\n<p>\u2022 Destaca el presidente municipal, Isaac Montoya servicio de la oficial en su \u00faltimo d\u00eda de servicio.<\/p>\n\n\n\n<p>\u2022 Se aprueba calendario de gobierno 2025.<\/p>\n\n\n\n<p>Naucalpan de Ju\u00e1rez, M\u00e9x., 11 de enero de 2025.- En sesi\u00f3n de Cabildo, el presidente municipal, Isaac Montoya M\u00e1rquez, reconoci\u00f3 la labor que durante 37 a\u00f1os de servicio realiz\u00f3 la oficial Francisca Ortega Hern\u00e1ndez, al ser su \u00faltimo d\u00eda de servicio dentro de la corporaci\u00f3n de seguridad p\u00fablica municipal.<\/p>\n\n\n\n<p>El alcalde, durante la segunda sesi\u00f3n extraordinaria de Cabildo, resolutiva segunda, destac\u00f3 que la polic\u00eda municipal, se entreg\u00f3 en cuerpo y alma a proteger a la ciudadan\u00eda naucalpense.<\/p>\n\n\n\n<p>Agradeci\u00f3 el servicio de la oficial de Seguridad Ciudadana, por lo que los ediles en el pleno se pusieron de pie.<\/p>\n\n\n\n<p>Con una carrera sin precedentes negativos, la oficial municipal, agradeci\u00f3 el gesto del presidente municipal, quien le dese\u00f3 lo mejor para esta nueva etapa de su vida.<\/p>\n\n\n\n<p>En la orden del d\u00eda, se expusieron puntos resolutivos, como el calendario de gobierno para el 2025 y se aprob\u00f3 que los viernes se realicen las sesiones de Cabildo, a las 16:00 horas. Tambi\u00e9n se aprob\u00f3 la conformaci\u00f3n de las Comisiones Edilicias Permanentes del Ayuntamiento.<\/p>\n","protected":false},"excerpt":{"rendered":"<p>&bull; Destaca el presidente municipal, Isaac Montoya servicio de la oficial en su &uacute;ltimo d&iacute;a&#8230;<\/p>\n","protected":false},"author":1,"featured_media":19965,"comment_status":"closed","ping_status":"closed","sticky":false,"template":"","format":"standard","meta":{"footnotes":""},"categories":[83],"tags":[],"class_list":["post-19964","post","type-post","status-publish","format-standard","has-post-thumbnail","hentry","category-naucalpan-issac-montoya-marquez"],"_links":{"self":[{"href":"https:\/\/www.notiflashmexiquense.com.mx\/index.php?rest_route=\/wp\/v2\/posts\/19964","targetHints":{"allow":["GET"]}}],"collection":[{"href":"https:\/\/www.notiflashmexiquense.com.mx\/index.php?rest_route=\/wp\/v2\/posts"}],"about":[{"href":"https:\/\/www.notiflashmexiquense.com.mx\/index.php?rest_route=\/wp\/v2\/types\/post"}],"author":[{"embeddable":true,"href":"https:\/\/www.notiflashmexiquense.com.mx\/index.php?rest_route=\/wp\/v2\/users\/1"}],"replies":[{"embeddable":true,"href":"https:\/\/www.notiflashmexiquense.com.mx\/index.php?rest_route=%2Fwp%2Fv2%2Fcomments&post=19964"}],"version-history":[{"count":1,"href":"https:\/\/www.notiflashmexiquense.com.mx\/index.php?rest_route=\/wp\/v2\/posts\/19964\/revisions"}],"predecessor-version":[{"id":19966,"href":"https:\/\/www.notiflashmexiquense.com.mx\/index.php?rest_route=\/wp\/v2\/posts\/19964\/revisions\/19966"}],"wp:featuredmedia":[{"embeddable":true,"href":"https:\/\/www.notiflashmexiquense.com.mx\/index.php?rest_route=\/wp\/v2\/media\/19965"}],"wp:attachment":[{"href":"https:\/\/www.notiflashmexiquense.com.mx\/index.php?rest_route=%2Fwp%2Fv2%2Fmedia&parent=19964"}],"wp:term":[{"taxonomy":"category","embeddable":true,"href":"https:\/\/www.notiflashmexiquense.com.mx\/index.php?rest_route=%2Fwp%2Fv2%2Fcategories&post=19964"},{"taxonomy":"post_tag","embeddable":true,"href":"https:\/\/www.notiflashmexiquense.com.mx\/index.php?rest_route=%2Fwp%2Fv2%2Ftags&post=19964"}],"curies":[{"name":"wp","href":"https:\/\/api.w.org\/{rel}","templated":true}]}}