{"id":19371,"date":"2024-11-29T16:15:00","date_gmt":"2024-11-29T16:15:00","guid":{"rendered":"https:\/\/www.notiflashmexiquense.com.mx\/?p=19371"},"modified":"2024-11-29T23:17:38","modified_gmt":"2024-11-29T23:17:38","slug":"por-tercer-ano-consecutivo-llega-brilla-fest-al-parque-naucalli","status":"publish","type":"post","link":"https:\/\/www.notiflashmexiquense.com.mx\/?p=19371","title":{"rendered":"POR TERCER A\u00d1O CONSECUTIVO LLEGA \u2018BRILLA FEST\u2019 AL PARQUE NAUCALLI"},"content":{"rendered":"\n<p><\/p>\n\n\n\n<p>\u2022 Se espera que este espect\u00e1culo de talla internacional deje una derrama econ\u00f3mica superior a los 20 millones de pesos.<\/p>\n\n\n\n<p>Santa Claus, los Reyes Magos y toda la magia de la Navidad estar\u00e1n hasta el 30 de diciembre en el Parque Naucalli con el espect\u00e1culo \u2018Brilla Fest, Una Navidad en el Bosque\u2019, que se presenta por tercer a\u00f1o consecutivo como resultado de la colaboraci\u00f3n entre el gobierno de la alcaldesa Ang\u00e9lica Moya Mar\u00edn y la iniciativa privada para acercar este tipo de atracciones a los naucalpenses.<\/p>\n\n\n\n<p>Durante la inauguraci\u00f3n oficial del festival, la edil de Naucalpan indic\u00f3 que se espera la visita de m\u00e1s de 70 mil familias de este y otros municipios, as\u00ed como de alcald\u00edas de la Ciudad de M\u00e9xico, lo que dejar\u00e1 una derrama econ\u00f3mica superior a los 20 millones de pesos que beneficiar\u00e1 al comercio adyacente y al propio Parque Naucalli.<\/p>\n\n\n\n<p>\u2018Me da mucho gusto este evento que nos tiene reunidos aqu\u00ed, porque cuando millones de lucecitas de \u2018Brilla Fest\u2019 alumbran este parque es se\u00f1al de que ya lleg\u00f3 la Navidad a Naucalpan. Este tipo de empresas no est\u00e1n en cualquier lugar, y vinieron aqu\u00ed no de manera fortuita, sino porque Naucalpan es lo que es gracias a su gente. Disfruten la Navidad en compa\u00f1\u00eda de su familia y disfruten de este impresionante espect\u00e1culo\u2019, expres\u00f3.<\/p>\n\n\n\n<p>El director de \u2018Brilla Fest\u2019, Alejandro Bertheau, detall\u00f3 que los visitantes podr\u00e1n apreciar 2 mil 500 figuras iluminadas, 5 millones de puntos de LED, diversos espect\u00e1culos y novedades respecto al a\u00f1o anterior, como el Bosque 3D, una atracci\u00f3n en la que, a trav\u00e9s de lentes, los puntos LED cambian de figuras y la idea es que la familia intercambie las gafas para que puedan apreciar las diferentes im\u00e1genes durante el recorrido.<\/p>\n\n\n\n<p>Agradeci\u00f3 el apoyo de la presidenta municipal Ang\u00e9lica Moya Mar\u00edn para llevar a cabo la tercera edici\u00f3n de este espect\u00e1culo que est\u00e1 dividido en cuatro secciones: \u2018La Aldea de Santa Claus\u2019, \u2018El Bosque de los Duendes\u2019, \u2018El recorrido de los Reyes Magos\u2019 y una secci\u00f3n nueva que es \u2018Navidades por el Mundo\u2019.<\/p>\n\n\n\n<p>Gerardo Ruiz Morell, coordinador del Parque Naucalli, mencion\u00f3 que \u2018el Brilla Fest nos llena de alegr\u00edas y satisfacciones, aqu\u00ed nos invade el esp\u00edritu navide\u00f1o, podemos disfrutar con la familia y amigos de esta gran experiencia; muchas gracias presidenta por su visi\u00f3n y apoyo para hacer realidad esta atracci\u00f3n, sin usted esto no ser\u00eda posible, ahora miles de personas pueden disfrutar y divertirse en este hermoso lugar que nos brinda paz, armon\u00eda, uni\u00f3n y sobre todo felicidad\u2019.<\/p>\n","protected":false},"excerpt":{"rendered":"<p>&bull; Se espera que este espect&aacute;culo de talla internacional deje una derrama econ&oacute;mica superior a&#8230;<\/p>\n","protected":false},"author":1,"featured_media":19372,"comment_status":"closed","ping_status":"closed","sticky":false,"template":"","format":"standard","meta":{"footnotes":""},"categories":[45],"tags":[],"class_list":["post-19371","post","type-post","status-publish","format-standard","has-post-thumbnail","hentry","category-atizapan-de-zaragoza"],"_links":{"self":[{"href":"https:\/\/www.notiflashmexiquense.com.mx\/index.php?rest_route=\/wp\/v2\/posts\/19371","targetHints":{"allow":["GET"]}}],"collection":[{"href":"https:\/\/www.notiflashmexiquense.com.mx\/index.php?rest_route=\/wp\/v2\/posts"}],"about":[{"href":"https:\/\/www.notiflashmexiquense.com.mx\/index.php?rest_route=\/wp\/v2\/types\/post"}],"author":[{"embeddable":true,"href":"https:\/\/www.notiflashmexiquense.com.mx\/index.php?rest_route=\/wp\/v2\/users\/1"}],"replies":[{"embeddable":true,"href":"https:\/\/www.notiflashmexiquense.com.mx\/index.php?rest_route=%2Fwp%2Fv2%2Fcomments&post=19371"}],"version-history":[{"count":1,"href":"https:\/\/www.notiflashmexiquense.com.mx\/index.php?rest_route=\/wp\/v2\/posts\/19371\/revisions"}],"predecessor-version":[{"id":19373,"href":"https:\/\/www.notiflashmexiquense.com.mx\/index.php?rest_route=\/wp\/v2\/posts\/19371\/revisions\/19373"}],"wp:featuredmedia":[{"embeddable":true,"href":"https:\/\/www.notiflashmexiquense.com.mx\/index.php?rest_route=\/wp\/v2\/media\/19372"}],"wp:attachment":[{"href":"https:\/\/www.notiflashmexiquense.com.mx\/index.php?rest_route=%2Fwp%2Fv2%2Fmedia&parent=19371"}],"wp:term":[{"taxonomy":"category","embeddable":true,"href":"https:\/\/www.notiflashmexiquense.com.mx\/index.php?rest_route=%2Fwp%2Fv2%2Fcategories&post=19371"},{"taxonomy":"post_tag","embeddable":true,"href":"https:\/\/www.notiflashmexiquense.com.mx\/index.php?rest_route=%2Fwp%2Fv2%2Ftags&post=19371"}],"curies":[{"name":"wp","href":"https:\/\/api.w.org\/{rel}","templated":true}]}}