{"id":18885,"date":"2024-10-21T19:33:00","date_gmt":"2024-10-21T19:33:00","guid":{"rendered":"https:\/\/www.notiflashmexiquense.com.mx\/?p=18885"},"modified":"2024-10-22T01:35:08","modified_gmt":"2024-10-22T01:35:08","slug":"vinculan-a-proceso-a-probable-implicado-en-lesiones-dolosas-en-agravio-de-estudiante-de-plantel-educativo-en-texcoco","status":"publish","type":"post","link":"https:\/\/www.notiflashmexiquense.com.mx\/?p=18885","title":{"rendered":"VINCULAN A PROCESO A PROBABLE IMPLICADO EN LESIONES DOLOSAS EN AGRAVIO DE ESTUDIANTE DE PLANTEL EDUCATIVO EN TEXCOCO"},"content":{"rendered":"\n<p><\/p>\n\n\n\n<p>\u00b7 La defensa del implicado solicit\u00f3 arribar a un acuerdo reparatorio con la v\u00edctima, el cual fue aceptado por \u00e9ste y su asesor jur\u00eddico.<\/p>\n\n\n\n<p>Texcoco, Estado de M\u00e9xico, 21 de octubre de 2024.- Hugo \u201cN\u201d, investigado por su probable intervenci\u00f3n en el il\u00edcito de lesiones dolosas, en agravio de un joven de 18 a\u00f1os, alumno del plantel educativo CEDVA, ubicado en el municipio de Texcoco, fue vinculado a proceso por ese hecho delictivo.<\/p>\n\n\n\n<p>Como antecedente se tiene que el 18 de noviembre de 2023, en el taller de pr\u00e1cticas de la escuela automotriz, el diverso imputado Oscar \u201cN\u201d, tambi\u00e9n alumno de la instituci\u00f3n, roci\u00f3 con gasolina a la v\u00edctima, en tanto que el investigado Hugo \u201cN\u201d, de igual forma estudiante, le habr\u00eda prendido fuego, ocasion\u00e1ndole quemaduras de segundo y tercer grado en muslos, piernas y genitales.<\/p>\n\n\n\n<p>Derivado de los hechos, la Fiscal\u00eda estatal inici\u00f3 la investigaci\u00f3n correspondiente y el Agente del Ministerio P\u00fablico se alleg\u00f3 de datos de prueba para identificar a los probables implicados, posteriormente solicit\u00f3 y obtuvo de la Autoridad Judicial orden de aprehensi\u00f3n en contra de Oscar \u201cN\u201d y Hugo \u201cN\u201d.<\/p>\n\n\n\n<p>Una vez que se cumpliment\u00f3 el mandato judicial por Oscar \u201cN\u201d, el 25 de noviembre de 2023, se formul\u00f3 imputaci\u00f3n en su contra, posteriormente, se le vincul\u00f3 a proceso. El 19 de enero de este a\u00f1o, se aprob\u00f3 una soluci\u00f3n alterna del procedimiento, arribando a un acuerdo reparatorio de cumplimiento inmediato, a trav\u00e9s del cual Oscar \u201cN\u201d realiz\u00f3 el pago de 150 mil pesos, as\u00ed como una disculpa p\u00fablica, por lo que se decret\u00f3 la extinci\u00f3n de la acci\u00f3n penal y como consecuencia, se dict\u00f3 auto de sobreseimiento respecto de este imputado.<\/p>\n\n\n\n<p>Respecto de Hugo \u201cN\u201d, \u00e9ste promovi\u00f3 juicio de amparo indirecto, donde el Juez de Distrito le concedi\u00f3 la suspensi\u00f3n definitiva, lo cual imped\u00eda que fuera cumplimentado el mandamiento judicial librado en su contra. Posteriormente, la Autoridad Federal neg\u00f3 el amparo y protecci\u00f3n de la justicia y una vez que caus\u00f3 ejecutoria dicha determinaci\u00f3n, elementos de la Fiscal\u00eda cumplimentaron la orden de aprehensi\u00f3n e ingresaron al investigado Hugo \u201cN\u201d al Centro Penitenciario y de Reinserci\u00f3n Social de Texcoco, donde qued\u00f3 a disposici\u00f3n del Juez de Control de ese Distrito Judicial.<\/p>\n\n\n\n<p>Durante la audiencia inicial celebrada esta ma\u00f1ana, el Agente del Ministerio P\u00fablico formul\u00f3 imputaci\u00f3n en su contra y solicit\u00f3 se vinculara a proceso al implicado, una vez que se escuch\u00f3 a las partes, el Juzgador dict\u00f3 auto de vinculaci\u00f3n a proceso en contra de Hugo \u201cN\u201d, al ser probable su intervenci\u00f3n en el il\u00edcito de lesiones agravadas.<\/p>\n\n\n\n<p>Posterior a que la Autoridad Judicial resolvi\u00f3 la situaci\u00f3n jur\u00eddica del implicado, la defensa de \u00e9ste solicit\u00f3 arribar a un acuerdo reparatorio de cumplimiento diferido, donde se estableci\u00f3 el pago por la cantidad de 250 mil pesos, lo cual fue aceptado por la v\u00edctima y su asesor jur\u00eddico. Por lo que una vez que el Juez de Control verific\u00f3 que Hugo \u201cN\u201d no hab\u00eda celebrado o incumplido diverso acuerdo, as\u00ed como que los intervinientes estuvieron en condiciones de igualdad para negociar y que no actuaron bajo intimidaci\u00f3n, amenaza o coacci\u00f3n, aprob\u00f3 la petici\u00f3n de las partes y en ese momento, se hizo la entrega de 150 mil pesos a la v\u00edctima y se estableci\u00f3 que el resto ser\u00eda pagado en los meses de enero y abril de 2025.<\/p>\n\n\n\n<p>Por lo anterior, el \u00d3rgano Jurisdiccional orden\u00f3 la libertad de Hugo \u201cN\u201d, asimismo, le hizo del conocimiento que, en caso de incumplir sin causa justificada a las obligaciones pactadas, se continuar\u00e1 con el procedimiento penal como si no se hubiera celebrado acuerdo alguno. Finalmente, una vez que se realice el cumplimiento pleno de las obligaciones pactadas, se decretar\u00e1 la extinci\u00f3n de la acci\u00f3n penal.<\/p>\n\n\n\n<p>Al detenido se le debe considerar inocente hasta que sea dictada una sentencia condenatoria en su contra.<\/p>\n\n\n\n<p>La Fiscal\u00eda General de Justicia del Estado de M\u00e9xico pone a disposici\u00f3n de la ciudadan\u00eda el correo electr\u00f3nico cerotolerancia@fiscaliaedomex.gob.mx, el n\u00famero telef\u00f3nico 800 7028770, o bien, la aplicaci\u00f3n FGJEdomex, la cual est\u00e1 disponible de manera gratuita para los tel\u00e9fonos inteligentes de los sistemas iOS y Android, para que denuncie cualquier hecho delictivo.<\/p>\n\n\n\n<p>oo0oo<\/p>\n","protected":false},"excerpt":{"rendered":"<p>&middot; La defensa del implicado solicit&oacute; arribar a un acuerdo reparatorio con la v&iacute;ctima, el&#8230;<\/p>\n","protected":false},"author":1,"featured_media":18886,"comment_status":"closed","ping_status":"closed","sticky":false,"template":"","format":"standard","meta":{"footnotes":""},"categories":[73],"tags":[],"class_list":["post-18885","post","type-post","status-publish","format-standard","has-post-thumbnail","hentry","category-fgjem"],"_links":{"self":[{"href":"https:\/\/www.notiflashmexiquense.com.mx\/index.php?rest_route=\/wp\/v2\/posts\/18885","targetHints":{"allow":["GET"]}}],"collection":[{"href":"https:\/\/www.notiflashmexiquense.com.mx\/index.php?rest_route=\/wp\/v2\/posts"}],"about":[{"href":"https:\/\/www.notiflashmexiquense.com.mx\/index.php?rest_route=\/wp\/v2\/types\/post"}],"author":[{"embeddable":true,"href":"https:\/\/www.notiflashmexiquense.com.mx\/index.php?rest_route=\/wp\/v2\/users\/1"}],"replies":[{"embeddable":true,"href":"https:\/\/www.notiflashmexiquense.com.mx\/index.php?rest_route=%2Fwp%2Fv2%2Fcomments&post=18885"}],"version-history":[{"count":1,"href":"https:\/\/www.notiflashmexiquense.com.mx\/index.php?rest_route=\/wp\/v2\/posts\/18885\/revisions"}],"predecessor-version":[{"id":18887,"href":"https:\/\/www.notiflashmexiquense.com.mx\/index.php?rest_route=\/wp\/v2\/posts\/18885\/revisions\/18887"}],"wp:featuredmedia":[{"embeddable":true,"href":"https:\/\/www.notiflashmexiquense.com.mx\/index.php?rest_route=\/wp\/v2\/media\/18886"}],"wp:attachment":[{"href":"https:\/\/www.notiflashmexiquense.com.mx\/index.php?rest_route=%2Fwp%2Fv2%2Fmedia&parent=18885"}],"wp:term":[{"taxonomy":"category","embeddable":true,"href":"https:\/\/www.notiflashmexiquense.com.mx\/index.php?rest_route=%2Fwp%2Fv2%2Fcategories&post=18885"},{"taxonomy":"post_tag","embeddable":true,"href":"https:\/\/www.notiflashmexiquense.com.mx\/index.php?rest_route=%2Fwp%2Fv2%2Ftags&post=18885"}],"curies":[{"name":"wp","href":"https:\/\/api.w.org\/{rel}","templated":true}]}}