{"id":18740,"date":"2024-10-11T15:24:00","date_gmt":"2024-10-11T15:24:00","guid":{"rendered":"https:\/\/www.notiflashmexiquense.com.mx\/?p=18740"},"modified":"2024-10-11T22:26:15","modified_gmt":"2024-10-11T22:26:15","slug":"fiscalia-edomex-obtiene-vinculacion-a-proceso-contra-individuo-investigado-por-el-homicidio-de-cinco-victimas-en-coacalco","status":"publish","type":"post","link":"https:\/\/www.notiflashmexiquense.com.mx\/?p=18740","title":{"rendered":"FISCAL\u00cdA EDOM\u00c9X OBTIENE VINCULACI\u00d3N A PROCESO CONTRA INDIVIDUO INVESTIGADO POR EL HOMICIDIO DE CINCO V\u00cdCTIMAS EN COACALCO"},"content":{"rendered":"\n<p><\/p>\n\n\n\n<p>\u00b7 El pasado 5 de septiembre habr\u00eda privado de la vida a un masculino y un d\u00eda despu\u00e9s cuando se realizaba el velorio de la v\u00edctima, acudi\u00f3 al lugar y presumiblemente caus\u00f3 la muerte de cuatro personas m\u00e1s, por disparo de arma de fuego.<\/p>\n\n\n\n<p>Coacalco, Estado de M\u00e9xico, 11 de octubre de 2024.- Un individuo identificado como C\u00e9sar Rogelio \u201cN\u201d, investigado por dos hechos delictivos en los que cinco personas fueron privadas de la vida en el municipio de Coacalco, fue vinculado a proceso, luego de que la Fiscal\u00eda General de Justicia estatal (FGJEM) acredit\u00f3 su probable intervenci\u00f3n en estos hechos.<\/p>\n\n\n\n<pre class=\"wp-block-code\"><code>        De acuerdo con la indagatoria iniciada por la Fiscal\u00eda Edom\u00e9x, el pasado 5 de septiembre el ahora detenido y otro sujeto interceptaron a un masculino en calles de la colonia Los H\u00e9roes, en el municipio de Coacalco y le habr\u00edan disparado con un arma de fuego, ocasion\u00e1ndole la muerte.\n\n        Un d\u00eda despu\u00e9s, el 6 de septiembre de este a\u00f1o, C\u00e9sar Rogelio \u201cN\u201d y otros dos individuos se presentaron al exterior de un inmueble ubicado en la calle Colima, de la colonia San Lorenzo Tequixquiac, en el municipio referido, donde se realizaba el velatorio del masculino privado de la vida.\n\n       C\u00e9sar Rogelio \u201cN\u201d y sus c\u00f3mplices habr\u00edan realizado detonaciones con armas de fuego en contra de cinco personas, que se encontraban en el lugar, tres hombres y dos mujeres; resultado de lo anterior cuatro v\u00edctimas perdieron la vida y una m\u00e1s result\u00f3 lesionada.\n\n        La Fiscal\u00eda mexiquense inici\u00f3 la investigaci\u00f3n correspondiente por ambos hechos violentos y con el avance en la indagatoria fue posible la identificaci\u00f3n y detenci\u00f3n de este sujeto, quien fue ingresado al Centro Penitenciario y de Reinserci\u00f3n Social de Ecatepec, a disposici\u00f3n de un Juez. \n\n        El Representante Social, tras aportar datos de prueba en contra de este sujeto, obtuvo dos autos de vinculaci\u00f3n a proceso en su contra por los delitos de homicidio calificado y homicidio calificado en grado de tentativa, con medida cautelar de prisi\u00f3n preventiva justificada.\n\n        Al detenido se le debe considerar inocente hasta que sea dictada una sentencia condenatoria en su contra.\n\n        La Fiscal\u00eda General de Justicia pone a disposici\u00f3n de la ciudadan\u00eda el correo electr\u00f3nico cerotolerancia@fiscaliaedomex.gob.mx, el n\u00famero telef\u00f3nico 800 7028770, o bien, la aplicaci\u00f3n FGJEdomex, la cual est\u00e1 disponible de manera gratuita para los tel\u00e9fonos inteligentes de los sistemas iOS y Android, para que en caso de reconocer a este individuo como probable implicado en otro hecho delictivo, sea denunciado.<\/code><\/pre>\n\n\n\n<p>oo0oo<\/p>\n","protected":false},"excerpt":{"rendered":"<p>&middot; El pasado 5 de septiembre habr&iacute;a privado de la vida a un masculino y&#8230;<\/p>\n","protected":false},"author":1,"featured_media":18741,"comment_status":"closed","ping_status":"closed","sticky":false,"template":"","format":"standard","meta":{"footnotes":""},"categories":[73],"tags":[],"class_list":["post-18740","post","type-post","status-publish","format-standard","has-post-thumbnail","hentry","category-fgjem"],"_links":{"self":[{"href":"https:\/\/www.notiflashmexiquense.com.mx\/index.php?rest_route=\/wp\/v2\/posts\/18740","targetHints":{"allow":["GET"]}}],"collection":[{"href":"https:\/\/www.notiflashmexiquense.com.mx\/index.php?rest_route=\/wp\/v2\/posts"}],"about":[{"href":"https:\/\/www.notiflashmexiquense.com.mx\/index.php?rest_route=\/wp\/v2\/types\/post"}],"author":[{"embeddable":true,"href":"https:\/\/www.notiflashmexiquense.com.mx\/index.php?rest_route=\/wp\/v2\/users\/1"}],"replies":[{"embeddable":true,"href":"https:\/\/www.notiflashmexiquense.com.mx\/index.php?rest_route=%2Fwp%2Fv2%2Fcomments&post=18740"}],"version-history":[{"count":1,"href":"https:\/\/www.notiflashmexiquense.com.mx\/index.php?rest_route=\/wp\/v2\/posts\/18740\/revisions"}],"predecessor-version":[{"id":18742,"href":"https:\/\/www.notiflashmexiquense.com.mx\/index.php?rest_route=\/wp\/v2\/posts\/18740\/revisions\/18742"}],"wp:featuredmedia":[{"embeddable":true,"href":"https:\/\/www.notiflashmexiquense.com.mx\/index.php?rest_route=\/wp\/v2\/media\/18741"}],"wp:attachment":[{"href":"https:\/\/www.notiflashmexiquense.com.mx\/index.php?rest_route=%2Fwp%2Fv2%2Fmedia&parent=18740"}],"wp:term":[{"taxonomy":"category","embeddable":true,"href":"https:\/\/www.notiflashmexiquense.com.mx\/index.php?rest_route=%2Fwp%2Fv2%2Fcategories&post=18740"},{"taxonomy":"post_tag","embeddable":true,"href":"https:\/\/www.notiflashmexiquense.com.mx\/index.php?rest_route=%2Fwp%2Fv2%2Ftags&post=18740"}],"curies":[{"name":"wp","href":"https:\/\/api.w.org\/{rel}","templated":true}]}}