{"id":18178,"date":"2024-08-31T15:03:00","date_gmt":"2024-08-31T15:03:00","guid":{"rendered":"https:\/\/www.notiflashmexiquense.com.mx\/?p=18178"},"modified":"2024-08-31T22:05:32","modified_gmt":"2024-08-31T22:05:32","slug":"anuncia-gobierno-de-atizapan-de-zaragoza-cierre-de-carretera-lago-de-guadalupe-hacia-periferico-por-obras","status":"publish","type":"post","link":"https:\/\/www.notiflashmexiquense.com.mx\/?p=18178","title":{"rendered":"ANUNCIA GOBIERNO DE ATIZAP\u00c1N DE ZARAGOZA CIERRE DE CARRETERA LAGO DE GUADALUPE HACIA PERIF\u00c9RICO POR OBRAS"},"content":{"rendered":"\n<p><\/p>\n\n\n\n<p>El Gobierno de Atizap\u00e1n de Zaragoza anuncia a los automovilistas y conductores que la carretera Lago de Guadalupe ser\u00e1 cerrada en sentido de Villas de la Hacienda a Perif\u00e9rico Norte debido a trabajos de colocaci\u00f3n de vigas del puente vehicular El \u00c1rbol.<\/p>\n\n\n\n<p>El cierre ser\u00e1 total de 22:00 a 05:00 horas, del 2 de septiembre al 2 de octubre.<\/p>\n\n\n\n<p>Debido a la situaci\u00f3n, se recomienda utilizar v\u00edas alternas.<\/p>\n\n\n\n<p>El Puente vehicular El \u00c1rbol tendr\u00e1 una longitud de 505 metros y un carril por sentido.<\/p>\n\n\n\n<p>Su beneficio ser\u00e1 a nivel regional, ya que permitir\u00e1 mejorar el flujo vehicular y ahorrar tiempo en los traslados de quienes circulan de Cuautitl\u00e1n Izcalli y Tlalnepantla de Baz a Atizap\u00e1n de Zaragoza y posteriormente incorporarse al Perif\u00e9rico Norte.<\/p>\n\n\n\n<p>Tambi\u00e9n resolver\u00e1 los conflictos de circulaci\u00f3n que se presentan en el cruce entre calle Malinche y Avenida Hip\u00f3dromo en horas de alta circulaci\u00f3n automovil\u00edstica.<\/p>\n\n\n\n<p>Se calcula que la obra beneficiar\u00e1 a una poblaci\u00f3n estimada de 600 mil personas que diariamente circulan por esta zona.<\/p>\n\n\n\n<p>El Puente El \u00c1rbol forma parte de las obras magnas del Presidente Municipal Pedro Rodr\u00edguez Villegas y se contempla dentro de la inversi\u00f3n hist\u00f3rica nunca antes hecha por un Gobierno en Atizap\u00e1n de 2 mil millones de pesos.<\/p>\n\n\n\n<p>\u201cLa inversi\u00f3n en obra p\u00fablica es muy importante, porque si no se lleva a cabo, el municipio envejece y pierde competitividad. Los anteriores gobiernos han dejado de invertir en obra p\u00fablica. Hoy, yo quiero que Atizap\u00e1n se fortalezca en todos los sentidos y que la infraestructura permita a las personas llegar seguras a su trabajo, a su casa y que les permita pasar m\u00e1s tiempo con sus familias\u201d, ha referido Rodr\u00edguez Villegas.<\/p>\n","protected":false},"excerpt":{"rendered":"<p>El Gobierno de Atizap&aacute;n de Zaragoza anuncia a los automovilistas y conductores que la carretera&#8230;<\/p>\n","protected":false},"author":1,"featured_media":18179,"comment_status":"closed","ping_status":"closed","sticky":false,"template":"","format":"standard","meta":{"footnotes":""},"categories":[45],"tags":[],"class_list":["post-18178","post","type-post","status-publish","format-standard","has-post-thumbnail","hentry","category-atizapan-de-zaragoza"],"_links":{"self":[{"href":"https:\/\/www.notiflashmexiquense.com.mx\/index.php?rest_route=\/wp\/v2\/posts\/18178","targetHints":{"allow":["GET"]}}],"collection":[{"href":"https:\/\/www.notiflashmexiquense.com.mx\/index.php?rest_route=\/wp\/v2\/posts"}],"about":[{"href":"https:\/\/www.notiflashmexiquense.com.mx\/index.php?rest_route=\/wp\/v2\/types\/post"}],"author":[{"embeddable":true,"href":"https:\/\/www.notiflashmexiquense.com.mx\/index.php?rest_route=\/wp\/v2\/users\/1"}],"replies":[{"embeddable":true,"href":"https:\/\/www.notiflashmexiquense.com.mx\/index.php?rest_route=%2Fwp%2Fv2%2Fcomments&post=18178"}],"version-history":[{"count":1,"href":"https:\/\/www.notiflashmexiquense.com.mx\/index.php?rest_route=\/wp\/v2\/posts\/18178\/revisions"}],"predecessor-version":[{"id":18180,"href":"https:\/\/www.notiflashmexiquense.com.mx\/index.php?rest_route=\/wp\/v2\/posts\/18178\/revisions\/18180"}],"wp:featuredmedia":[{"embeddable":true,"href":"https:\/\/www.notiflashmexiquense.com.mx\/index.php?rest_route=\/wp\/v2\/media\/18179"}],"wp:attachment":[{"href":"https:\/\/www.notiflashmexiquense.com.mx\/index.php?rest_route=%2Fwp%2Fv2%2Fmedia&parent=18178"}],"wp:term":[{"taxonomy":"category","embeddable":true,"href":"https:\/\/www.notiflashmexiquense.com.mx\/index.php?rest_route=%2Fwp%2Fv2%2Fcategories&post=18178"},{"taxonomy":"post_tag","embeddable":true,"href":"https:\/\/www.notiflashmexiquense.com.mx\/index.php?rest_route=%2Fwp%2Fv2%2Ftags&post=18178"}],"curies":[{"name":"wp","href":"https:\/\/api.w.org\/{rel}","templated":true}]}}