{"id":17221,"date":"2024-07-03T17:38:00","date_gmt":"2024-07-03T17:38:00","guid":{"rendered":"https:\/\/www.notiflashmexiquense.com.mx\/?p=17221"},"modified":"2024-07-03T23:40:05","modified_gmt":"2024-07-03T23:40:05","slug":"cumplimenta-fiscalia-mexiquense-orden-de-aprehension-contra-probable-implicado-en-extorsion-en-agravio-de-su-ex-pareja-sentimental","status":"publish","type":"post","link":"https:\/\/www.notiflashmexiquense.com.mx\/?p=17221","title":{"rendered":"CUMPLIMENTA FISCAL\u00cdA MEXIQUENSE ORDEN DE APREHENSI\u00d3N CONTRA PROBABLE IMPLICADO EN EXTORSI\u00d3N EN AGRAVIO DE SU EX PAREJA SENTIMENTAL"},"content":{"rendered":"\n<p>\u00b7 Fue ingresado al Centro Penitenciario y de Reinserci\u00f3n Social de Ecatepec y ser\u00e1 un Juez quien determine su situaci\u00f3n legal.<\/p>\n\n\n\n<p>Ecatepec Estado de M\u00e9xico, 3 de julio de 2024.- Agentes de la Fiscal\u00eda General de Justicia estatal (FGJEM) cumplimentaron orden de aprehensi\u00f3n contra Oscar \u201cN\u201d, se\u00f1alado por su probable intervenci\u00f3n en el delito de extorsi\u00f3n.<\/p>\n\n\n\n<pre class=\"wp-block-code\"><code>        El probable implicado fue detenido en esa regi\u00f3n de la entidad e ingresado al Centro Penitenciario y de Reinserci\u00f3n Social de Ecatepec, a disposici\u00f3n del \u00d3rgano Jurisdiccional, quien habr\u00e1 de determinar su situaci\u00f3n legal, sin embargo, debe ser considerado inocente hasta que sea dictada una sentencia condenatoria en su contra.\n\n        Indagatorias de la Fiscal\u00eda estatal precisaron que el pasado 1 de mayo, el ahora detenido acudi\u00f3 al domicilio de su ex pareja sentimental en la colonia Campi\u00f1as de Arag\u00f3n, a quien habr\u00eda agredido verbalmente e intimidado mediante distintas amenazas, con la finalidad de que retomaran su relaci\u00f3n sentimental.\n\n        El probable implicado presumiblemente amenaz\u00f3 a la v\u00edctima con causarle da\u00f1o a sus familiares en caso de que se negara a regresar con \u00e9l, adem\u00e1s le habr\u00eda exigido le devolviera una suma econ\u00f3mica que supuestamente \u00e9l le hab\u00eda entregado para manutenci\u00f3n de los hijos de ambos.\n\n        La investigaci\u00f3n de la Fiscal\u00eda estatal precis\u00f3 que el probable implicado adem\u00e1s habr\u00eda golpeado a la v\u00edctima y despojado de su tel\u00e9fono. La persona afectada aprovech\u00f3 un descuido de este sujeto para huir del lugar.\n\n        Una vez denunciados los hechos ante esta Instituci\u00f3n, fueron realizadas diligencias y recabados datos de prueba, con los cuales el Ministerio P\u00fablico obtuvo de la Autoridad Judicial orden de aprehensi\u00f3n contra el probable implicado.<\/code><\/pre>\n\n\n\n<p>La Fiscal\u00eda General de Justicia del Estado de M\u00e9xico pone a disposici\u00f3n de la ciudadan\u00eda el correo electr\u00f3nico cerotolerancia@fiscaliaedomex.gob.mx, el n\u00famero telef\u00f3nico 800 7028770, o bien, la aplicaci\u00f3n FGJEdomex, la cual est\u00e1 disponible de manera gratuita para los tel\u00e9fonos inteligentes de los sistemas iOS y Android, para que en caso de reconocer a este individuo como posible implicado en otro hecho delictivo, sea denunciado.<\/p>\n\n\n\n<p>oo0oo<\/p>\n","protected":false},"excerpt":{"rendered":"<p>&middot; Fue ingresado al Centro Penitenciario y de Reinserci&oacute;n Social de Ecatepec y ser&aacute; un&#8230;<\/p>\n","protected":false},"author":1,"featured_media":17222,"comment_status":"closed","ping_status":"closed","sticky":false,"template":"","format":"standard","meta":{"footnotes":""},"categories":[73],"tags":[],"class_list":["post-17221","post","type-post","status-publish","format-standard","has-post-thumbnail","hentry","category-fgjem"],"_links":{"self":[{"href":"https:\/\/www.notiflashmexiquense.com.mx\/index.php?rest_route=\/wp\/v2\/posts\/17221","targetHints":{"allow":["GET"]}}],"collection":[{"href":"https:\/\/www.notiflashmexiquense.com.mx\/index.php?rest_route=\/wp\/v2\/posts"}],"about":[{"href":"https:\/\/www.notiflashmexiquense.com.mx\/index.php?rest_route=\/wp\/v2\/types\/post"}],"author":[{"embeddable":true,"href":"https:\/\/www.notiflashmexiquense.com.mx\/index.php?rest_route=\/wp\/v2\/users\/1"}],"replies":[{"embeddable":true,"href":"https:\/\/www.notiflashmexiquense.com.mx\/index.php?rest_route=%2Fwp%2Fv2%2Fcomments&post=17221"}],"version-history":[{"count":1,"href":"https:\/\/www.notiflashmexiquense.com.mx\/index.php?rest_route=\/wp\/v2\/posts\/17221\/revisions"}],"predecessor-version":[{"id":17223,"href":"https:\/\/www.notiflashmexiquense.com.mx\/index.php?rest_route=\/wp\/v2\/posts\/17221\/revisions\/17223"}],"wp:featuredmedia":[{"embeddable":true,"href":"https:\/\/www.notiflashmexiquense.com.mx\/index.php?rest_route=\/wp\/v2\/media\/17222"}],"wp:attachment":[{"href":"https:\/\/www.notiflashmexiquense.com.mx\/index.php?rest_route=%2Fwp%2Fv2%2Fmedia&parent=17221"}],"wp:term":[{"taxonomy":"category","embeddable":true,"href":"https:\/\/www.notiflashmexiquense.com.mx\/index.php?rest_route=%2Fwp%2Fv2%2Fcategories&post=17221"},{"taxonomy":"post_tag","embeddable":true,"href":"https:\/\/www.notiflashmexiquense.com.mx\/index.php?rest_route=%2Fwp%2Fv2%2Ftags&post=17221"}],"curies":[{"name":"wp","href":"https:\/\/api.w.org\/{rel}","templated":true}]}}