{"id":152,"date":"2021-02-09T02:17:10","date_gmt":"2021-02-09T02:17:10","guid":{"rendered":"https:\/\/www.notiflashmexiquense.com.mx\/?p=152"},"modified":"2021-02-09T02:20:17","modified_gmt":"2021-02-09T02:20:17","slug":"coacalco-el-municipio-de-la-region-mejor-evaluado-en-materia-de-seguridad-publica","status":"publish","type":"post","link":"https:\/\/www.notiflashmexiquense.com.mx\/?p=152","title":{"rendered":"COACALCO, EL MUNICIPIO DE LA REGI\u00d3N MEJOR EVALUADO EN MATERIA DE SEGURIDAD P\u00daBLICA"},"content":{"rendered":"\n<ul class=\"wp-block-list\"><li><em>Mientras que los municipios vecinos tienen un alza en los \u00edndices delictivos, Coacalco va a la baja al registrar una disminuci\u00f3n de 16 por ciento&nbsp;<\/em><\/li><li><em>En el sem\u00e1foro delictivo estatal, es el municipio que se mantiene en sem\u00e1foro verde en distintos delitos&nbsp;<\/em><\/li><\/ul>\n\n\n\n<p><strong>COACALCO DE BERRIOZ\u00c1BAL<\/strong>, <strong>8 FEBRERO DE 2021<\/strong>.- Como resultado de las diversas estrategias implementadas, Coacalco se mantiene como el municipio de la regi\u00f3n que mejores resultados arroja en materia de seguridad p\u00fablica, al registrar una baja de 16 por ciento en los \u00edndices delictivos.<\/p>\n\n\n\n<p>El Presidente Municipal, Darwin Eslava, inform\u00f3 que mientras municipios aleda\u00f1os presentan un alza de hasta 67 por ciento, esta localidad es la \u00fanica que va a la baja, acuerdo a cifras del Secretariado Ejecutivo del Sistema Estatal de Seguridad P\u00fablica.<\/p>\n\n\n\n<p>Destac\u00f3 que los resultados positivos tambi\u00e9n se ven reflejados en el sem\u00e1foro delictivo del Gobierno del Estado de M\u00e9xico, en donde Coacalco es el mejor evaluado al mantenerse en color verde en distintos delitos como homicidio, secuestro, extorsi\u00f3n, narcomenudeo, robo de veh\u00edculo, violaci\u00f3n y feminicidio.&nbsp;<\/p>\n\n\n\n<p>Puntualiz\u00f3 que en esta evaluaci\u00f3n est\u00e1n municipios como Tlalnepantla, Naucalpan, Atizap\u00e1n, Nicol\u00e1s Romero, Chalco, entre varios m\u00e1s.&nbsp;&nbsp;<\/p>\n\n\n\n<p>Durante la 12\u00aa Sesi\u00f3n Ordinaria del Consejo Municipal de Seguridad P\u00fablica, Darwin Eslava refiri\u00f3 que ejemplo de ello es la disminuci\u00f3n en el delito de robo de veh\u00edculo.<\/p>\n\n\n\n<p>Detall\u00f3 que durante el \u00faltimo a\u00f1o de la administraci\u00f3n anterior se registraba el robo de 150 autom\u00f3viles al mes y actualmente dicha cifra disminuy\u00f3 hasta m\u00e1s de 50 por ciento.&nbsp;<\/p>\n\n\n\n<p>El Presidente Municipal reconoci\u00f3 que estos logros son gracias a la coordinaci\u00f3n de los tres \u00f3rdenes de gobierno y la participaci\u00f3n de la ciudadan\u00eda.<\/p>\n\n\n\n<p>Anunci\u00f3 que ya se trabaja en un programa para duplicar las c\u00e1maras de videovigilancia con las que actualmente se cuenta, las cuales se instalar\u00e1n en puntos estrat\u00e9gicos que la propia ciudadan\u00eda se\u00f1ale como lugares vulnerables.<\/p>\n\n\n\n<p>En este sentido, vecinos de esta localidad reconocieron el trabajo que se realiza en materia de seguridad p\u00fablica, principalmente en lo que se refiere al incremento de recorridos de vigilancia y la pronta atenci\u00f3n cuando se activan las alarmas vecinales.&nbsp;<\/p>\n","protected":false},"excerpt":{"rendered":"<p>Mientras que los municipios vecinos tienen un alza en los &iacute;ndices delictivos, Coacalco va a&#8230;<\/p>\n","protected":false},"author":1,"featured_media":156,"comment_status":"closed","ping_status":"closed","sticky":false,"template":"","format":"standard","meta":{"footnotes":""},"categories":[1],"tags":[],"class_list":["post-152","post","type-post","status-publish","format-standard","has-post-thumbnail","hentry","category-noticias"],"_links":{"self":[{"href":"https:\/\/www.notiflashmexiquense.com.mx\/index.php?rest_route=\/wp\/v2\/posts\/152","targetHints":{"allow":["GET"]}}],"collection":[{"href":"https:\/\/www.notiflashmexiquense.com.mx\/index.php?rest_route=\/wp\/v2\/posts"}],"about":[{"href":"https:\/\/www.notiflashmexiquense.com.mx\/index.php?rest_route=\/wp\/v2\/types\/post"}],"author":[{"embeddable":true,"href":"https:\/\/www.notiflashmexiquense.com.mx\/index.php?rest_route=\/wp\/v2\/users\/1"}],"replies":[{"embeddable":true,"href":"https:\/\/www.notiflashmexiquense.com.mx\/index.php?rest_route=%2Fwp%2Fv2%2Fcomments&post=152"}],"version-history":[{"count":1,"href":"https:\/\/www.notiflashmexiquense.com.mx\/index.php?rest_route=\/wp\/v2\/posts\/152\/revisions"}],"predecessor-version":[{"id":154,"href":"https:\/\/www.notiflashmexiquense.com.mx\/index.php?rest_route=\/wp\/v2\/posts\/152\/revisions\/154"}],"wp:featuredmedia":[{"embeddable":true,"href":"https:\/\/www.notiflashmexiquense.com.mx\/index.php?rest_route=\/wp\/v2\/media\/156"}],"wp:attachment":[{"href":"https:\/\/www.notiflashmexiquense.com.mx\/index.php?rest_route=%2Fwp%2Fv2%2Fmedia&parent=152"}],"wp:term":[{"taxonomy":"category","embeddable":true,"href":"https:\/\/www.notiflashmexiquense.com.mx\/index.php?rest_route=%2Fwp%2Fv2%2Fcategories&post=152"},{"taxonomy":"post_tag","embeddable":true,"href":"https:\/\/www.notiflashmexiquense.com.mx\/index.php?rest_route=%2Fwp%2Fv2%2Ftags&post=152"}],"curies":[{"name":"wp","href":"https:\/\/api.w.org\/{rel}","templated":true}]}}