{"id":14911,"date":"2023-12-17T12:56:00","date_gmt":"2023-12-17T12:56:00","guid":{"rendered":"https:\/\/www.notiflashmexiquense.com.mx\/?p=14911"},"modified":"2024-01-08T08:58:26","modified_gmt":"2024-01-08T08:58:26","slug":"mas-de-dos-mil-personas-participaron-en-la-carrera-del-pavo-de-naucalpan","status":"publish","type":"post","link":"https:\/\/www.notiflashmexiquense.com.mx\/?p=14911","title":{"rendered":"M\u00c1S DE DOS MIL PERSONAS PARTICIPARON EN LA CARRERA DEL PAVO DE NAUCALPAN"},"content":{"rendered":"\n<p>Alrededor de 2 mil 300 habitantes de Naucalpan participaron en la tradicional Carrera del Pavo, que se convirti\u00f3 en una fiesta de energ\u00eda, \u00e1nimo y velocidad con la asistencia de personas j\u00f3venes, adultas y adultas mayores, con discapacidad y familias enteras.<\/p>\n\n\n\n<p>Arturo Feregrino Castro, titular del Instituto Municipal de Cultura F\u00edsica y Deporte de Naucalpan (IMCUFIDEN), relat\u00f3 que se entregaron 2023 pavos a igual n\u00famero de participantes (pues se reparte una cantidad igual a la cifra del a\u00f1o en curso), entre ellos m\u00e1s de 300 personas adultas mayores y con discapacidad. Otros 200 corredores no registrados asistieron a pesar de no recibir este est\u00edmulo.<\/p>\n\n\n\n<p>Agreg\u00f3 que es la 26 edici\u00f3n de la Carrera del Pavo, que inici\u00f3 en 1997 pero fue suspendida algunas ocasiones, entre ellas por la pandemia de COVID-19, competencia considerada actualmente como una verdadera tradici\u00f3n de Naucalpan, que es impulsada por la alcaldesa Ang\u00e9lica Moya Mar\u00edn.<\/p>\n\n\n\n<p>La carrera de cinco kil\u00f3metros sali\u00f3 de la Unidad Cuauht\u00e9moc del IMSS y termin\u00f3 en el mismo lugar, en las ramas femenil y varonil; la categor\u00eda de personas adultas mayores solo dieron una vuelta al campo de futbol del lugar.<\/p>\n\n\n\n<p>Jes\u00fas Cuadrado Arteaga, habitante de la colonia Valle Dorado, corri\u00f3 los cinco kil\u00f3metros con una bandera de M\u00e9xico, en tanto que Nayeli Garc\u00eda Mel\u00e9ndez, de Las Huertas Tercera Secci\u00f3n, lo hizo acompa\u00f1ada de sus hijos Carlos y Mateo, de 4 y 9 a\u00f1os de edad, que iban en triciclo y bicicleta, respectivamente. Silvia Silverio Leyva, de El Tejocote, corri\u00f3 con su perrita Estrella.<\/p>\n\n\n\n<p>\u201cSi estoy vivo para el a\u00f1o que viene vuelvo a participar, porque s\u00ed me gust\u00f3\u201d, afirm\u00f3 Enrique Aguirre Ram\u00edrez, de 73 a\u00f1os de edad, habitante de la colonia Cuartos Capul\u00edn, quien es la primera vez que interviene en la competencia y gan\u00f3 su pavo, en tanto, Rafaela Calder\u00f3n Ruiz, de 78 a\u00f1os, vecina de San Mateo Nopala, dijo que ve\u00eda que mucha gente corr\u00eda, por lo que decidi\u00f3 participar este a\u00f1o.<\/p>\n\n\n\n<p>Tambi\u00e9n corrieron 6 integrantes de Achilles International, equipo de atletas con discapacidad, entre los cuales estaba Rub\u00ed S\u00e1nchez, con s\u00edndrome de Down, as\u00ed como compa\u00f1eros con discapacidad visual, intelectual y de movilidad, los \u00faltimos en silla de ruedas.<\/p>\n\n\n\n<p>Las ganadoras de los tres primeros lugares en la rama femenil fueron Roc\u00edo Mendoza Velarde, Blanca Lilia Ram\u00edrez V\u00e1zquez y Elba Hern\u00e1ndez S\u00e1nchez, respectivamente, mientras que en la varonil resultaron triunfadores Daniel Rangel Santiago, Leobardo L\u00f3pez Villalba y Jaime S\u00e1nchez Ram\u00edrez.<\/p>\n","protected":false},"excerpt":{"rendered":"<p>Alrededor de 2 mil 300 habitantes de Naucalpan participaron en la tradicional Carrera del Pavo,&#8230;<\/p>\n","protected":false},"author":1,"featured_media":14912,"comment_status":"closed","ping_status":"closed","sticky":false,"template":"","format":"standard","meta":{"footnotes":""},"categories":[45],"tags":[],"class_list":["post-14911","post","type-post","status-publish","format-standard","has-post-thumbnail","hentry","category-atizapan-de-zaragoza"],"_links":{"self":[{"href":"https:\/\/www.notiflashmexiquense.com.mx\/index.php?rest_route=\/wp\/v2\/posts\/14911","targetHints":{"allow":["GET"]}}],"collection":[{"href":"https:\/\/www.notiflashmexiquense.com.mx\/index.php?rest_route=\/wp\/v2\/posts"}],"about":[{"href":"https:\/\/www.notiflashmexiquense.com.mx\/index.php?rest_route=\/wp\/v2\/types\/post"}],"author":[{"embeddable":true,"href":"https:\/\/www.notiflashmexiquense.com.mx\/index.php?rest_route=\/wp\/v2\/users\/1"}],"replies":[{"embeddable":true,"href":"https:\/\/www.notiflashmexiquense.com.mx\/index.php?rest_route=%2Fwp%2Fv2%2Fcomments&post=14911"}],"version-history":[{"count":1,"href":"https:\/\/www.notiflashmexiquense.com.mx\/index.php?rest_route=\/wp\/v2\/posts\/14911\/revisions"}],"predecessor-version":[{"id":14913,"href":"https:\/\/www.notiflashmexiquense.com.mx\/index.php?rest_route=\/wp\/v2\/posts\/14911\/revisions\/14913"}],"wp:featuredmedia":[{"embeddable":true,"href":"https:\/\/www.notiflashmexiquense.com.mx\/index.php?rest_route=\/wp\/v2\/media\/14912"}],"wp:attachment":[{"href":"https:\/\/www.notiflashmexiquense.com.mx\/index.php?rest_route=%2Fwp%2Fv2%2Fmedia&parent=14911"}],"wp:term":[{"taxonomy":"category","embeddable":true,"href":"https:\/\/www.notiflashmexiquense.com.mx\/index.php?rest_route=%2Fwp%2Fv2%2Fcategories&post=14911"},{"taxonomy":"post_tag","embeddable":true,"href":"https:\/\/www.notiflashmexiquense.com.mx\/index.php?rest_route=%2Fwp%2Fv2%2Ftags&post=14911"}],"curies":[{"name":"wp","href":"https:\/\/api.w.org\/{rel}","templated":true}]}}