{"id":14908,"date":"2023-12-17T12:52:00","date_gmt":"2023-12-17T12:52:00","guid":{"rendered":"https:\/\/www.notiflashmexiquense.com.mx\/?p=14908"},"modified":"2024-01-08T08:53:57","modified_gmt":"2024-01-08T08:53:57","slug":"realiza-naucalpan-primer-foro-de-interaccion-humano-animal","status":"publish","type":"post","link":"https:\/\/www.notiflashmexiquense.com.mx\/?p=14908","title":{"rendered":"REALIZA NAUCALPAN PRIMER FORO DE INTERACCI\u00d3N HUMANO-ANIMAL"},"content":{"rendered":"\n<p>El gobierno de Naucalpan realiz\u00f3 el Primer Foro Municipal de Interacci\u00f3n Humano-Animal, cuyos principales objetivos son concientizar sobre el respeto a los animales y su tenencia responsable, as\u00ed como buscar mejores relaciones humanas a trav\u00e9s de las mascotas.<\/p>\n\n\n\n<p>El foro se realiz\u00f3 en el Parque Naucalli, a un costado del \u00e1rea canina, y participaron cerca de 50 personas, la mayor\u00eda acompa\u00f1adas por sus perros de especies como husky, pomeranian, doberman, pastor australiano, cobrador de labrador, weimaraner, razas \u00fanicas y otros, adem\u00e1s de que se cont\u00f3 con ponencias de especialistas en la materia.<\/p>\n\n\n\n<p>Jos\u00e9 Luis Guti\u00e9rrez Aire, subdirector de Normatividad Ambiental de la Direcci\u00f3n General de Medio Ambiente de Naucalpan, asegur\u00f3 que la alcaldesa Ang\u00e9lica Moya Mar\u00edn est\u00e1 interesada en la protecci\u00f3n y bienestar animal, por lo que con estos foros buscan apoyo, respeto y cuidados para las mascotas.<\/p>\n\n\n\n<p>Reconoci\u00f3 que en el municipio se han registrado casos de maltrato, por lo que expres\u00f3 que \u201ceste foro debe ser el primero de muchos, porque tenemos que pasar la voz a todos los habitantes de Naucalpan para que tengamos una convivencia sana entre humanos y nuestros amigos peludos\u201d.<\/p>\n\n\n\n<p>Sergio Mancilla Zayas, director general de Gobierno municipal, asegur\u00f3 que fue en el \u2018Martes Ciudadano\u2019 donde habitantes de Naucalpan pidieron a Moya Mar\u00edn implementar acciones que mejoren la convivencia humano-animal, \u201crecientemente la Suprema Corte de Justicia de la Naci\u00f3n reconoci\u00f3 que en algunos casos las mascotas forman parte de las familias\u201d, puntualiz\u00f3.<\/p>\n\n\n\n<p>M\u00f3nica Hern\u00e1ndez Castanedo, vocera de \u2018S\u00ed, Esperanza Animal\u2019, dijo que desde hace m\u00e1s de 200 a\u00f1os inici\u00f3 la lucha por reconocer los derechos de los animales y en M\u00e9xico apenas se est\u00e1n logrando reformas legales al respeto; en Naucalpan, el Bando Municipal ordena \u201cfomentar, proteger y garantizar el trato digno, bienestar, integridad f\u00edsica, derechos y respeto a la vida de los animales\u201d.<\/p>\n\n\n\n<p>A\u00f1adi\u00f3: \u201cLos especialistas han comprobado que los animales, al igual que los humanos, tienen vida, sentimientos y sensibilidad, como ya ha demostrado la biolog\u00eda, la neurofisiolog\u00eda comparada y la etolog\u00eda. Experimentan sufrimiento, placer y afectos, tienen conciencia de s\u00ed mismos, capacidad para comunicar, de an\u00e1lisis y resoluci\u00f3n de problemas, creatividad y acumulaci\u00f3n cultural, caracter\u00edsticas que no son exclusivas de los humanos\u201d.<\/p>\n\n\n\n<p>Ernesto \u00c1vila Escalera, presidente del Grupo Amascotas del Consejo Nacional de Fabricantes de Alimentos Balanceados, mencion\u00f3 que en el caso de las personas adultas mayores las mascotas \u201cse convierten en interlocutores incansables de los mon\u00f3logos humanos. No venimos a proponer que se sustituyan las relaciones humanas con animales, proponemos mejorar las relaciones humanas a trav\u00e9s de los animales, que act\u00faan como rompehielos en esa relaci\u00f3n social\u201d, concluy\u00f3.<\/p>\n\n\n\n<p>Otros especialistas que presentaron ponencias fueron Isidro Castro Mendoza, ex director de la Facultad de Medicina Veterinaria de la UNAM; Alejandro G\u00f3mez Cort\u00e9s, psiquiatra, y Alejandro Jim\u00e9nez, de la Asociaci\u00f3n Mexicana de Medicina Veterinaria Especializada en Peque\u00f1as Especies.<\/p>\n","protected":false},"excerpt":{"rendered":"<p>El gobierno de Naucalpan realiz&oacute; el Primer Foro Municipal de Interacci&oacute;n Humano-Animal, cuyos principales objetivos&#8230;<\/p>\n","protected":false},"author":1,"featured_media":14909,"comment_status":"closed","ping_status":"closed","sticky":false,"template":"","format":"standard","meta":{"footnotes":""},"categories":[45],"tags":[],"class_list":["post-14908","post","type-post","status-publish","format-standard","has-post-thumbnail","hentry","category-atizapan-de-zaragoza"],"_links":{"self":[{"href":"https:\/\/www.notiflashmexiquense.com.mx\/index.php?rest_route=\/wp\/v2\/posts\/14908","targetHints":{"allow":["GET"]}}],"collection":[{"href":"https:\/\/www.notiflashmexiquense.com.mx\/index.php?rest_route=\/wp\/v2\/posts"}],"about":[{"href":"https:\/\/www.notiflashmexiquense.com.mx\/index.php?rest_route=\/wp\/v2\/types\/post"}],"author":[{"embeddable":true,"href":"https:\/\/www.notiflashmexiquense.com.mx\/index.php?rest_route=\/wp\/v2\/users\/1"}],"replies":[{"embeddable":true,"href":"https:\/\/www.notiflashmexiquense.com.mx\/index.php?rest_route=%2Fwp%2Fv2%2Fcomments&post=14908"}],"version-history":[{"count":1,"href":"https:\/\/www.notiflashmexiquense.com.mx\/index.php?rest_route=\/wp\/v2\/posts\/14908\/revisions"}],"predecessor-version":[{"id":14910,"href":"https:\/\/www.notiflashmexiquense.com.mx\/index.php?rest_route=\/wp\/v2\/posts\/14908\/revisions\/14910"}],"wp:featuredmedia":[{"embeddable":true,"href":"https:\/\/www.notiflashmexiquense.com.mx\/index.php?rest_route=\/wp\/v2\/media\/14909"}],"wp:attachment":[{"href":"https:\/\/www.notiflashmexiquense.com.mx\/index.php?rest_route=%2Fwp%2Fv2%2Fmedia&parent=14908"}],"wp:term":[{"taxonomy":"category","embeddable":true,"href":"https:\/\/www.notiflashmexiquense.com.mx\/index.php?rest_route=%2Fwp%2Fv2%2Fcategories&post=14908"},{"taxonomy":"post_tag","embeddable":true,"href":"https:\/\/www.notiflashmexiquense.com.mx\/index.php?rest_route=%2Fwp%2Fv2%2Ftags&post=14908"}],"curies":[{"name":"wp","href":"https:\/\/api.w.org\/{rel}","templated":true}]}}