{"id":149,"date":"2021-02-08T02:57:41","date_gmt":"2021-02-08T02:57:41","guid":{"rendered":"https:\/\/www.notiflashmexiquense.com.mx\/?p=149"},"modified":"2021-02-08T02:57:42","modified_gmt":"2021-02-08T02:57:42","slug":"establece-bando-municipal-de-tlalnepantla-uso-de-cubrebocas","status":"publish","type":"post","link":"https:\/\/www.notiflashmexiquense.com.mx\/?p=149","title":{"rendered":"Establece Bando Municipal de Tlalnepantla uso de cubrebocas"},"content":{"rendered":"\n<p>El Presidente Municipal Raciel P\u00e9rez Cruz encabez\u00f3 el acto conmemorativo de la promulgaci\u00f3n de la Constituci\u00f3n Pol\u00edtica de los Estados Unidos Mexicanos y public\u00f3 el Bando Municipal 2021, que son el principio de legalidad y de paz para todas las ciudadanas y ciudadanos.<\/p>\n\n\n\n<p>Entre las modificaciones que se efectuaron al Bando se encuentra la adici\u00f3n de varias fracciones al Art\u00edculo 18. La Fracci\u00f3n LXVI se\u00f1ala que toda persona que se dedique a la venta de alimentos y bebidas debe utilizar en todo momento cubrebocas, cofia y guantes.<\/p>\n\n\n\n<p>La Fracci\u00f3n LXVII establece el uso de cubrebocas cuando las autoridades sanitarias as\u00ed lo determinen para evitar la dispersi\u00f3n, transmisi\u00f3n y contagio de enfermedades.<\/p>\n\n\n\n<p>La Fracci\u00f3n XI, la separaci\u00f3n de residuos s\u00f3lidos en org\u00e1nicos e inorg\u00e1nicos y la XXXIX relativa a la participaci\u00f3n de vecinas y vecinos de unidades habitacionales en la elaboraci\u00f3n del Programa de Protecci\u00f3n Civil.<\/p>\n\n\n\n<p>Se modific\u00f3 el Art\u00edculo 38, sobre el Consejo Consultivo Municipal Tur\u00edstico y Sustentable, adem\u00e1s se adicion\u00f3 el Art\u00edculo 16 relativo a las extranjeras y extranjeros.<\/p>\n\n\n\n<p>El Alcalde exhort\u00f3 a los servidores p\u00fablicos a observar y cumplir la ley en todo momento \u201csin excepci\u00f3n, la ley es la ley, con su cumplimiento damos pasos en el camino civilizatorio, debemos acatarla y este ordenamiento nos obliga a cumplir con los preceptos legales\u201d.<\/p>\n\n\n\n<p>Acompa\u00f1ado de integrantes del Cuerpo Edilicio, P\u00e9rez Cruz realiz\u00f3 una guardia de honor en el busto de Venustiano Carranza de la Plaza C\u00edvica Dr. Gustavo Baz Prada, donde se coloc\u00f3 una ofrenda floral.<\/p>\n","protected":false},"excerpt":{"rendered":"<p>El Presidente Municipal Raciel P&eacute;rez Cruz encabez&oacute; el acto conmemorativo de la promulgaci&oacute;n de la&#8230;<\/p>\n","protected":false},"author":1,"featured_media":150,"comment_status":"closed","ping_status":"closed","sticky":false,"template":"","format":"standard","meta":{"footnotes":""},"categories":[1],"tags":[],"class_list":["post-149","post","type-post","status-publish","format-standard","has-post-thumbnail","hentry","category-noticias"],"_links":{"self":[{"href":"https:\/\/www.notiflashmexiquense.com.mx\/index.php?rest_route=\/wp\/v2\/posts\/149","targetHints":{"allow":["GET"]}}],"collection":[{"href":"https:\/\/www.notiflashmexiquense.com.mx\/index.php?rest_route=\/wp\/v2\/posts"}],"about":[{"href":"https:\/\/www.notiflashmexiquense.com.mx\/index.php?rest_route=\/wp\/v2\/types\/post"}],"author":[{"embeddable":true,"href":"https:\/\/www.notiflashmexiquense.com.mx\/index.php?rest_route=\/wp\/v2\/users\/1"}],"replies":[{"embeddable":true,"href":"https:\/\/www.notiflashmexiquense.com.mx\/index.php?rest_route=%2Fwp%2Fv2%2Fcomments&post=149"}],"version-history":[{"count":1,"href":"https:\/\/www.notiflashmexiquense.com.mx\/index.php?rest_route=\/wp\/v2\/posts\/149\/revisions"}],"predecessor-version":[{"id":151,"href":"https:\/\/www.notiflashmexiquense.com.mx\/index.php?rest_route=\/wp\/v2\/posts\/149\/revisions\/151"}],"wp:featuredmedia":[{"embeddable":true,"href":"https:\/\/www.notiflashmexiquense.com.mx\/index.php?rest_route=\/wp\/v2\/media\/150"}],"wp:attachment":[{"href":"https:\/\/www.notiflashmexiquense.com.mx\/index.php?rest_route=%2Fwp%2Fv2%2Fmedia&parent=149"}],"wp:term":[{"taxonomy":"category","embeddable":true,"href":"https:\/\/www.notiflashmexiquense.com.mx\/index.php?rest_route=%2Fwp%2Fv2%2Fcategories&post=149"},{"taxonomy":"post_tag","embeddable":true,"href":"https:\/\/www.notiflashmexiquense.com.mx\/index.php?rest_route=%2Fwp%2Fv2%2Ftags&post=149"}],"curies":[{"name":"wp","href":"https:\/\/api.w.org\/{rel}","templated":true}]}}