{"id":14890,"date":"2023-12-10T12:26:00","date_gmt":"2023-12-10T12:26:00","guid":{"rendered":"https:\/\/www.notiflashmexiquense.com.mx\/?p=14890"},"modified":"2024-01-08T08:29:13","modified_gmt":"2024-01-08T08:29:13","slug":"reciben-adultos-mayores-amplificadores-auditivos","status":"publish","type":"post","link":"https:\/\/www.notiflashmexiquense.com.mx\/?p=14890","title":{"rendered":"RECIBEN ADULTOS MAYORES AMPLIFICADORES AUDITIVOS"},"content":{"rendered":"\n<p>El gobierno de Naucalpan, a trav\u00e9s del Sistema Municipal DIF, entreg\u00f3 de manera gratuita 42 amplificadores auditivos a personas adultas mayores que presentan alteraciones en el o\u00eddo, ya sea por la edad o enfermedades cr\u00f3nicas como diabetes, hipertensi\u00f3n o traumatismos.<\/p>\n\n\n\n<p>La directora general del Sistema Municipal para el Desarrollo Integral de la Familia (SMDIF), Cynthia Elizondo Basurto, indic\u00f3 que el gobierno municipal que encabeza la alcaldesa Ang\u00e9lica Moya Mar\u00edn ha dado un gran apoyo a la instituci\u00f3n que estaba pr\u00e1cticamente cerrada y ahora brinda todos sus servicios a los m\u00e1s vulnerables.<\/p>\n\n\n\n<p>Indic\u00f3 que fueron atendidas m\u00e1s de 160 personas que solicitaron este beneficio, de las cuales 70 resultaron candidatas tras realizar un estudio de audiometr\u00eda. \u201cEn el mercado, este dispositivo tiene un precio de entre 4 mil y 5 mil pesos, cantidad que resulta complicada de solventar por adultos mayores que viven en condiciones econ\u00f3micamente limitadas\u201d, agreg\u00f3.<\/p>\n\n\n\n<p>A diferencia de un aparato auditivo que compensa deficiencias auditivas m\u00e1s profundas, un amplificador permite aumentar el sonido ambiental y el paciente oye mejor.<\/p>\n\n\n\n<p>Durante la entrega de los dispositivos electr\u00f3nicos en el auditorio del DIF Arcos, los pacientes tuvieron la asesor\u00eda de una especialista en comunicaci\u00f3n, audiolog\u00eda y foniatr\u00eda, quien les ense\u00f1\u00f3 la forma correcta de colocarlo, cuidarlo y mantenerlo.<\/p>\n\n\n\n<p>Armando L\u00f3pez Guti\u00e9rrez, de 66 a\u00f1os de edad y vecino de la colonia Las Huertas 1\u00aa Secci\u00f3n, narr\u00f3 que hace 10 a\u00f1os empez\u00f3 con la deficiencia auditiva por no usar tapones que lo protegieran del ruido que produc\u00eda el esmeril que utilizaba en su trabajo. Hoy se muestra satisfecho de recibir el apoyo que, asegur\u00f3, solicit\u00f3 desde la administraci\u00f3n anterior sin tener respuesta alguna.<\/p>\n\n\n\n<p>La vecina de San Francisco Chimalpa, Mar\u00eda Guadalupe Ram\u00edrez Labastida, expres\u00f3 que hace siete meses se percat\u00f3 que a su madre Josefina, de 67 a\u00f1os, le ten\u00edan que repetir varias veces lo que se le dec\u00eda. \u201cEsperamos que le sea de mucha ayuda el aparato, pues ya se deprim\u00eda de no entendernos\u201d.<\/p>\n\n\n\n<p>Alicia Acosta Hern\u00e1ndez, de 87 a\u00f1os de edad y habitante de la colonia El Molinito, dijo que la alteraci\u00f3n auditiva le afect\u00f3 el equilibrio y espera que \u201ceste aparatito\u201d sea un apoyo para recuperar su vida.<\/p>\n","protected":false},"excerpt":{"rendered":"<p>El gobierno de Naucalpan, a trav&eacute;s del Sistema Municipal DIF, entreg&oacute; de manera gratuita 42&#8230;<\/p>\n","protected":false},"author":1,"featured_media":14891,"comment_status":"closed","ping_status":"closed","sticky":false,"template":"","format":"standard","meta":{"footnotes":""},"categories":[45],"tags":[],"class_list":["post-14890","post","type-post","status-publish","format-standard","has-post-thumbnail","hentry","category-atizapan-de-zaragoza"],"_links":{"self":[{"href":"https:\/\/www.notiflashmexiquense.com.mx\/index.php?rest_route=\/wp\/v2\/posts\/14890","targetHints":{"allow":["GET"]}}],"collection":[{"href":"https:\/\/www.notiflashmexiquense.com.mx\/index.php?rest_route=\/wp\/v2\/posts"}],"about":[{"href":"https:\/\/www.notiflashmexiquense.com.mx\/index.php?rest_route=\/wp\/v2\/types\/post"}],"author":[{"embeddable":true,"href":"https:\/\/www.notiflashmexiquense.com.mx\/index.php?rest_route=\/wp\/v2\/users\/1"}],"replies":[{"embeddable":true,"href":"https:\/\/www.notiflashmexiquense.com.mx\/index.php?rest_route=%2Fwp%2Fv2%2Fcomments&post=14890"}],"version-history":[{"count":1,"href":"https:\/\/www.notiflashmexiquense.com.mx\/index.php?rest_route=\/wp\/v2\/posts\/14890\/revisions"}],"predecessor-version":[{"id":14892,"href":"https:\/\/www.notiflashmexiquense.com.mx\/index.php?rest_route=\/wp\/v2\/posts\/14890\/revisions\/14892"}],"wp:featuredmedia":[{"embeddable":true,"href":"https:\/\/www.notiflashmexiquense.com.mx\/index.php?rest_route=\/wp\/v2\/media\/14891"}],"wp:attachment":[{"href":"https:\/\/www.notiflashmexiquense.com.mx\/index.php?rest_route=%2Fwp%2Fv2%2Fmedia&parent=14890"}],"wp:term":[{"taxonomy":"category","embeddable":true,"href":"https:\/\/www.notiflashmexiquense.com.mx\/index.php?rest_route=%2Fwp%2Fv2%2Fcategories&post=14890"},{"taxonomy":"post_tag","embeddable":true,"href":"https:\/\/www.notiflashmexiquense.com.mx\/index.php?rest_route=%2Fwp%2Fv2%2Ftags&post=14890"}],"curies":[{"name":"wp","href":"https:\/\/api.w.org\/{rel}","templated":true}]}}