{"id":14746,"date":"2023-12-27T04:03:52","date_gmt":"2023-12-27T04:03:52","guid":{"rendered":"https:\/\/www.notiflashmexiquense.com.mx\/?p=14746"},"modified":"2023-12-27T04:03:53","modified_gmt":"2023-12-27T04:03:53","slug":"posible-implicada-en-el-robo-de-un-vehiculo-de-transporte-publico-en-acolman-fue-vinculada-a-proceso","status":"publish","type":"post","link":"https:\/\/www.notiflashmexiquense.com.mx\/?p=14746","title":{"rendered":"POSIBLE IMPLICADA EN EL ROBO DE UN VEH\u00cdCULO DE TRANSPORTE P\u00daBLICO EN ACOLMAN, FUE VINCULADA A PROCESO"},"content":{"rendered":"\n<p>\u2022 El 26 de julio de 2022 la detenida y tres individuos m\u00e1s habr\u00edan amagado y despojado de su veh\u00edculo al conductor de un taxi.<\/p>\n\n\n\n<p>Texcoco, Estado de M\u00e9xico, 26 de diciembre de 2023.- Una mujer identificada como Claudia Iveth \u201cN\u201d fue vinculada a proceso por el delito de robo de veh\u00edculo con violencia, luego de que la Fiscal\u00eda General de Justicia del Estado de M\u00e9xico (FGJEM) acredit\u00f3 su posible intervenci\u00f3n en este il\u00edcito perpetrado en el municipio de Acolman.<\/p>\n\n\n\n<pre class=\"wp-block-code\"><code>Los hechos por los cuales es investigada la detenida los habr\u00eda perpetrado el 26 de julio de 2022, en la colonia San Mateo Chipiltepec, donde solicit\u00f3 un servicio de transporte a una persona que tripulaba un veh\u00edculo con crom\u00e1ticas de taxi, para que la trasladara a otro punto de la zona. \n\nLas pesquisas de la Fiscal\u00eda estatal precisaron que, al llegar al lugar acordado, en la calle Aldama de la colonia referida, arribaron al sitio tres sujetos, quienes en complicidad con la ahora detenida, habr\u00edan amagado al conductor para hurtarle dicha unidad automotora marca Nissan.\n\nLa persona afectada denunci\u00f3 los hechos ante el Agente del Ministerio P\u00fablico, quien inici\u00f3 la indagatoria respectiva y tras recabar datos de prueba solicit\u00f3 a la Autoridad Judicial librar orden de aprehensi\u00f3n contra la posible implicada, la cual fue capturada e ingresada al Centro Penitenciario y de Reinserci\u00f3n Social de Texcoco.\n\nDespu\u00e9s de revisar los datos de prueba aportados por el Representante Social, un Juez determin\u00f3 iniciar proceso legal contra esta persona, estableci\u00f3 adem\u00e1s plazo de dos meses para el cierre de investigaci\u00f3n complementaria y medida cautelar de prisi\u00f3n preventiva justiciada, no obstante, debe ser considerada inocente hasta que sea dicada una sentencia condenatoria en su contra. <\/code><\/pre>\n\n\n\n<p>La Fiscal\u00eda General de Justicia del Estado de M\u00e9xico pone a disposici\u00f3n de la ciudadan\u00eda el correo electr\u00f3nico cerotolerancia@fiscaliaedomex.gob.mx, el n\u00famero telef\u00f3nico 800 7028770, o bien, la aplicaci\u00f3n FGJEdomex, la cual est\u00e1 disponible de manera gratuita para los tel\u00e9fonos inteligentes de los sistemas iOS y Android, para que en caso de reconocer a esta persona como probable responsable en alg\u00fan otro hecho delictivo, sea denunciada.<\/p>\n\n\n\n<p>oo0oo<\/p>\n","protected":false},"excerpt":{"rendered":"<p>&bull; El 26 de julio de 2022 la detenida y tres individuos m&aacute;s habr&iacute;an amagado&#8230;<\/p>\n","protected":false},"author":1,"featured_media":14747,"comment_status":"closed","ping_status":"closed","sticky":false,"template":"","format":"standard","meta":{"footnotes":""},"categories":[73],"tags":[],"class_list":["post-14746","post","type-post","status-publish","format-standard","has-post-thumbnail","hentry","category-fgjem"],"_links":{"self":[{"href":"https:\/\/www.notiflashmexiquense.com.mx\/index.php?rest_route=\/wp\/v2\/posts\/14746","targetHints":{"allow":["GET"]}}],"collection":[{"href":"https:\/\/www.notiflashmexiquense.com.mx\/index.php?rest_route=\/wp\/v2\/posts"}],"about":[{"href":"https:\/\/www.notiflashmexiquense.com.mx\/index.php?rest_route=\/wp\/v2\/types\/post"}],"author":[{"embeddable":true,"href":"https:\/\/www.notiflashmexiquense.com.mx\/index.php?rest_route=\/wp\/v2\/users\/1"}],"replies":[{"embeddable":true,"href":"https:\/\/www.notiflashmexiquense.com.mx\/index.php?rest_route=%2Fwp%2Fv2%2Fcomments&post=14746"}],"version-history":[{"count":1,"href":"https:\/\/www.notiflashmexiquense.com.mx\/index.php?rest_route=\/wp\/v2\/posts\/14746\/revisions"}],"predecessor-version":[{"id":14748,"href":"https:\/\/www.notiflashmexiquense.com.mx\/index.php?rest_route=\/wp\/v2\/posts\/14746\/revisions\/14748"}],"wp:featuredmedia":[{"embeddable":true,"href":"https:\/\/www.notiflashmexiquense.com.mx\/index.php?rest_route=\/wp\/v2\/media\/14747"}],"wp:attachment":[{"href":"https:\/\/www.notiflashmexiquense.com.mx\/index.php?rest_route=%2Fwp%2Fv2%2Fmedia&parent=14746"}],"wp:term":[{"taxonomy":"category","embeddable":true,"href":"https:\/\/www.notiflashmexiquense.com.mx\/index.php?rest_route=%2Fwp%2Fv2%2Fcategories&post=14746"},{"taxonomy":"post_tag","embeddable":true,"href":"https:\/\/www.notiflashmexiquense.com.mx\/index.php?rest_route=%2Fwp%2Fv2%2Ftags&post=14746"}],"curies":[{"name":"wp","href":"https:\/\/api.w.org\/{rel}","templated":true}]}}