{"id":14743,"date":"2023-12-26T21:22:34","date_gmt":"2023-12-26T21:22:34","guid":{"rendered":"https:\/\/www.notiflashmexiquense.com.mx\/?p=14743"},"modified":"2023-12-26T21:22:35","modified_gmt":"2023-12-26T21:22:35","slug":"entrega-pedro-rodriguez-rehabilitacion-del-drenaje-sanitario-y-de-las-calles-manzano-y-durazno-en-la-colonia-el-capulin","status":"publish","type":"post","link":"https:\/\/www.notiflashmexiquense.com.mx\/?p=14743","title":{"rendered":"ENTREGA PEDRO RODR\u00cdGUEZ REHABILITACI\u00d3N DEL DRENAJE SANITARIO Y DE LAS CALLES MANZANO Y DURAZNO, EN LA COLONIA EL CAPUL\u00cdN"},"content":{"rendered":"\n<p>Con el fin de mejorar la salud, calidad de vida y movilidad de las y los vecinos de la Colonia el Capul\u00edn, el Alcalde Pedro Rodr\u00edguez Villegas entreg\u00f3 la rehabilitaci\u00f3n de la red de drenaje sanitario y el mejoramiento con concreto asf\u00e1ltico de las calles Manzano y Durazno, tramo de calle Higo a la Avenida de Las Torres, en la Colonia El Capul\u00edn.<\/p>\n\n\n\n<p>Los trabajos se realizaron en 90 d\u00edas y consistieron en la rehabilitaci\u00f3n de 1,030 metros cuadrados de concreto asf\u00e1ltico, cambio de 20 descargas sanitarias, 143 metros lineales de tuber\u00eda de polietileno, fabricaci\u00f3n de 20 registros, cambio de 20 tomas de agua y 143 metros de tuber\u00eda de PVC.<\/p>\n\n\n\n<p>Adem\u00e1s, se realiz\u00f3 la reparaci\u00f3n de 4 pozos de visita, 51 metros lineales de construcci\u00f3n de guarniciones, 56 metros cuadrados de construcci\u00f3n de banquetas, 165 metros cuadrados de balizamiento y colocaci\u00f3n de 4 luminarias LED.<\/p>\n\n\n\n<p>De acuerdo con el Edil, la buena administraci\u00f3n de los recursos municipales se ve reflejada en las mejoras de los servicios y obra p\u00fablica.<\/p>\n\n\n\n<p>\u201cMi gobierno sigue trabajando todos los d\u00edas de la semana para cambiar las soluciones de vida de todas y todos los atizapenses\u201d, refiri\u00f3 Rodr\u00edguez Villegas.<\/p>\n\n\n\n<p>\u201cNosotros llegamos a demostrar que cuando se tiene la capacidad y la experiencia, se pueden lograr grandes cosas\u201d.<\/p>\n\n\n\n<p>Entre porras de los vecinos, el Alcalde agreg\u00f3 que su gobierno seguir\u00e1 trabajando d\u00eda a d\u00eda, redoblando esfuerzos, recorriendo el territorio municipal y escuchando las peticiones de quienes le dieron la confianza para gobernar Atizap\u00e1n de Zaragoza.<\/p>\n\n\n\n<p>A la actividad acudieron Silvia M\u00e1rquez Velasco, Primera S\u00edndica; Efra\u00edn Medina Moreno, Tercer Regidor; Edgar David V\u00e1zquez, Director de Obras P\u00fablicas; Mois\u00e9s Berm\u00fadez Ju\u00e1rez, de Servicios P\u00fablicos; H\u00e9ctor Elorriaga Mej\u00eda, Coordinador de Protecci\u00f3n Civil, Bomberos y Medio Ambiente; Julio C\u00e9sar Mart\u00ednez, Director de Desarrollo Social; y Wilfrido Torres Gonz\u00e1lez, Jefe de Oficina de la Presidencia.<\/p>\n\n\n\n<p>Adem\u00e1s, Angelina Luna Bautista, Presidenta del Consejo de Participaci\u00f3n Ciudadana (COPACI) de la Colonia El Capul\u00edn, y Domitila Santos, Patricio Carreto y Antonio Loaeza, representantes del Comit\u00e9 Ciudadano de Control y Vigilancia (Cocicovi).<\/p>\n","protected":false},"excerpt":{"rendered":"<p>Con el fin de mejorar la salud, calidad de vida y movilidad de las y&#8230;<\/p>\n","protected":false},"author":1,"featured_media":14744,"comment_status":"closed","ping_status":"closed","sticky":false,"template":"","format":"standard","meta":{"footnotes":""},"categories":[45],"tags":[],"class_list":["post-14743","post","type-post","status-publish","format-standard","has-post-thumbnail","hentry","category-atizapan-de-zaragoza"],"_links":{"self":[{"href":"https:\/\/www.notiflashmexiquense.com.mx\/index.php?rest_route=\/wp\/v2\/posts\/14743","targetHints":{"allow":["GET"]}}],"collection":[{"href":"https:\/\/www.notiflashmexiquense.com.mx\/index.php?rest_route=\/wp\/v2\/posts"}],"about":[{"href":"https:\/\/www.notiflashmexiquense.com.mx\/index.php?rest_route=\/wp\/v2\/types\/post"}],"author":[{"embeddable":true,"href":"https:\/\/www.notiflashmexiquense.com.mx\/index.php?rest_route=\/wp\/v2\/users\/1"}],"replies":[{"embeddable":true,"href":"https:\/\/www.notiflashmexiquense.com.mx\/index.php?rest_route=%2Fwp%2Fv2%2Fcomments&post=14743"}],"version-history":[{"count":1,"href":"https:\/\/www.notiflashmexiquense.com.mx\/index.php?rest_route=\/wp\/v2\/posts\/14743\/revisions"}],"predecessor-version":[{"id":14745,"href":"https:\/\/www.notiflashmexiquense.com.mx\/index.php?rest_route=\/wp\/v2\/posts\/14743\/revisions\/14745"}],"wp:featuredmedia":[{"embeddable":true,"href":"https:\/\/www.notiflashmexiquense.com.mx\/index.php?rest_route=\/wp\/v2\/media\/14744"}],"wp:attachment":[{"href":"https:\/\/www.notiflashmexiquense.com.mx\/index.php?rest_route=%2Fwp%2Fv2%2Fmedia&parent=14743"}],"wp:term":[{"taxonomy":"category","embeddable":true,"href":"https:\/\/www.notiflashmexiquense.com.mx\/index.php?rest_route=%2Fwp%2Fv2%2Fcategories&post=14743"},{"taxonomy":"post_tag","embeddable":true,"href":"https:\/\/www.notiflashmexiquense.com.mx\/index.php?rest_route=%2Fwp%2Fv2%2Ftags&post=14743"}],"curies":[{"name":"wp","href":"https:\/\/api.w.org\/{rel}","templated":true}]}}