{"id":14734,"date":"2023-12-24T19:40:30","date_gmt":"2023-12-24T19:40:30","guid":{"rendered":"https:\/\/www.notiflashmexiquense.com.mx\/?p=14734"},"modified":"2023-12-24T19:40:31","modified_gmt":"2023-12-24T19:40:31","slug":"desea-pedro-rodriguez-feliz-navidad-a-la-ciudadania-de-atizapan-de-zaragoza","status":"publish","type":"post","link":"https:\/\/www.notiflashmexiquense.com.mx\/?p=14734","title":{"rendered":"DESEA PEDRO RODR\u00cdGUEZ FELIZ NAVIDAD A LA CIUDADAN\u00cdA DE ATIZAP\u00c1N DE ZARAGOZA"},"content":{"rendered":"\n<p>Pedro Rodr\u00edguez Villegas, Presidente Municipal de Atizap\u00e1n de Zaragoza, dese\u00f3 feliz Navidad a la ciudadan\u00eda atizapense.<\/p>\n\n\n\n<p>A trav\u00e9s de un video en sus redes sociales, el Alcalde resalt\u00f3 la uni\u00f3n familiar y la armon\u00eda en esta fiesta decembrina.<\/p>\n\n\n\n<p>\u201cAmigas y amigos: Hoy, en estos tiempos, que son tiempos de celebrar, yo deseo que disfruten a su familia, que recuerden que son tiempos de uni\u00f3n familiar, son tiempos de perdonar, de estar cerca de nuestros seres queridos.<\/p>\n\n\n\n<p>\u201cYo les deseo todo lo mejor, no nada m\u00e1s en esta fecha, sino que la disfruten siempre. Recuerden que son momentos inolvidables que debemos de disfrutar, de apapachar a nuestros seres queridos. Les mando un fuerte abrazo y les deseo una feliz Navidad\u201d.<\/p>\n","protected":false},"excerpt":{"rendered":"<p>https:\/\/www.facebook.com\/share\/v\/V9oouDUXA8CGx3hT\/?mibextid=WC7FNe<\/p>\n","protected":false},"author":1,"featured_media":14735,"comment_status":"closed","ping_status":"closed","sticky":false,"template":"","format":"standard","meta":{"footnotes":""},"categories":[45],"tags":[],"class_list":["post-14734","post","type-post","status-publish","format-standard","has-post-thumbnail","hentry","category-atizapan-de-zaragoza"],"_links":{"self":[{"href":"https:\/\/www.notiflashmexiquense.com.mx\/index.php?rest_route=\/wp\/v2\/posts\/14734","targetHints":{"allow":["GET"]}}],"collection":[{"href":"https:\/\/www.notiflashmexiquense.com.mx\/index.php?rest_route=\/wp\/v2\/posts"}],"about":[{"href":"https:\/\/www.notiflashmexiquense.com.mx\/index.php?rest_route=\/wp\/v2\/types\/post"}],"author":[{"embeddable":true,"href":"https:\/\/www.notiflashmexiquense.com.mx\/index.php?rest_route=\/wp\/v2\/users\/1"}],"replies":[{"embeddable":true,"href":"https:\/\/www.notiflashmexiquense.com.mx\/index.php?rest_route=%2Fwp%2Fv2%2Fcomments&post=14734"}],"version-history":[{"count":1,"href":"https:\/\/www.notiflashmexiquense.com.mx\/index.php?rest_route=\/wp\/v2\/posts\/14734\/revisions"}],"predecessor-version":[{"id":14736,"href":"https:\/\/www.notiflashmexiquense.com.mx\/index.php?rest_route=\/wp\/v2\/posts\/14734\/revisions\/14736"}],"wp:featuredmedia":[{"embeddable":true,"href":"https:\/\/www.notiflashmexiquense.com.mx\/index.php?rest_route=\/wp\/v2\/media\/14735"}],"wp:attachment":[{"href":"https:\/\/www.notiflashmexiquense.com.mx\/index.php?rest_route=%2Fwp%2Fv2%2Fmedia&parent=14734"}],"wp:term":[{"taxonomy":"category","embeddable":true,"href":"https:\/\/www.notiflashmexiquense.com.mx\/index.php?rest_route=%2Fwp%2Fv2%2Fcategories&post=14734"},{"taxonomy":"post_tag","embeddable":true,"href":"https:\/\/www.notiflashmexiquense.com.mx\/index.php?rest_route=%2Fwp%2Fv2%2Ftags&post=14734"}],"curies":[{"name":"wp","href":"https:\/\/api.w.org\/{rel}","templated":true}]}}