{"id":14731,"date":"2023-12-24T01:54:00","date_gmt":"2023-12-24T01:54:00","guid":{"rendered":"https:\/\/www.notiflashmexiquense.com.mx\/?p=14731"},"modified":"2023-12-24T01:54:01","modified_gmt":"2023-12-24T01:54:01","slug":"entrega-gobierno-de-atizapan-de-zaragoza-nueva-infraestructura-a-estudiantes-de-la-escuela-secundaria-jaime-torres-bodet","status":"publish","type":"post","link":"https:\/\/www.notiflashmexiquense.com.mx\/?p=14731","title":{"rendered":"ENTREGA GOBIERNO DE ATIZAP\u00c1N DE ZARAGOZA NUEVA INFRAESTRUCTURA A ESTUDIANTES DE LA ESCUELA SECUNDARIA JAIME TORRES BODET"},"content":{"rendered":"\n<p>Las y los m\u00e1s de mil 500 alumnos de la Escuela Secundaria T\u00e9cnica N\u00famero 62 Jaime Torres Bodet tienen grandes motivos para festejar su 40 aniversario. A unos d\u00edas de concluir el a\u00f1o, el Presidente Municipal de Atizap\u00e1n de Zaragoza, Pedro Rodr\u00edguez Villegas, acudi\u00f3 a esta instituci\u00f3n para hacer entrega de dos aulas, un sal\u00f3n de usos m\u00faltiples, un m\u00f3dulo sanitario y pr\u00f3ximamente una Aula Digital equipada con 20 computadoras.<\/p>\n\n\n\n<p>En trabajo conjunto con la Direcci\u00f3n de Ordenamiento Territorial y Desarrollo Urbano, que dirige Jos\u00e9 Ram\u00f3n Jarqu\u00edn Rodr\u00edguez, las obras de infraestructura sirvieron de marco para celebrar cuatro d\u00e9cadas de trabajo ininterrumpido de dicha instituci\u00f3n escolar.<\/p>\n\n\n\n<p>En este contexto, el Presidente Municipal anim\u00f3 a las y los estudiantes a trabajar en su formaci\u00f3n acad\u00e9mica todos los d\u00edas para llegar a ser profesionistas de \u00e9xito.<\/p>\n\n\n\n<p>\u201cQuiero ratificar mi compromiso de seguir trabajando por la educaci\u00f3n en todo Atizap\u00e1n. Todos somos iguales, pero cada quien va a llegar hasta donde quiera avanzar, el l\u00edmite nos lo ponemos nosotros solos, pero si yo quiero crecer y hacer muchas cosas tengo que trabajar todos los d\u00edas\u201d, dijo Rodr\u00edguez Villegas.<\/p>\n\n\n\n<p>Por su parte, el Director de la Escuela Secundaria T\u00e9cnica Jaime Torres Bodet, Mario Cuadrilla Ram\u00edrez, reconoci\u00f3 el trabajo de todas y todos los maestros que han formado parte de esta instituci\u00f3n y del impulso que el Gobierno municipal ha dado a la educaci\u00f3n.<\/p>\n\n\n\n<p>\u201cLicenciado Pedro Rodr\u00edguez Villegas, quien nos har\u00e1 entrega de dos aulas, m\u00f3dulo sanitario y un aula de usos m\u00faltiples, solamente es una muestra del gran apoyo que hemos tenido. Juntos seguiremos construyendo un legado que inspire y trascienda formando l\u00edderes y ciudadanos comprometidos con el progreso de nuestra sociedad. Sigamos juntos escribiendo esta gran historia de \u00e9xito\u201d, expres\u00f3 Cuadrilla Ram\u00edrez.<\/p>\n\n\n\n<p>El Director de Ordenamiento Territorial y Desarrollo Urbano, Jos\u00e9 Ram\u00f3n Jarqu\u00edn Rodr\u00edguez, manifest\u00f3 que el Alcalde siempre se ha ocupado en fortalecer la infraestructura escolar y que ello forma parte de su visi\u00f3n de trabajar en conjunto entre gobierno. empresarios y sociedad.<\/p>\n\n\n\n<p>\u201cSe entregan dos aulas en segundo piso, con superficie total de 155.25 metros cuadrados, con 40 sillas (38 para diestros y dos para zurdos), pizarr\u00f3n, silla para profesores, un proyector y una computadora por aulas. El m\u00f3dulo santario es de 81.99 metros cuadrados, uno para ni\u00f1as con 6 inodoros divididos y un inodoro para discapacitados y tres lavabos.<\/p>\n\n\n\n<p>\u201cUno para ni\u00f1os con cuatro inodoros divididos, dos mingitorios, un inodoro para personas con discapacidad y tres lavabos, as\u00ed como el sal\u00f3n de usos m\u00faltiples de 155.25 metros cuadrados, esto derivado de la autorizaci\u00f3n de Lago Esmeralda, por parte de la empresa Avance Grupo LAR\u201d, destac\u00f3.<\/p>\n\n\n\n<p>La alumna Melanie Yamileth Arteaga fue la encargada de dar el mensaje de agradecimiento a nombre de toda la comunidad estudiantil y dijo: \u201cLicenciado Pedro Rodr\u00edguez, deseo expresar nuestro sincero agradecimiento por su invaluable apoyo y compromiso con la mejora en la educaci\u00f3n en Atizap\u00e1n de Zaragoza\u201d.<\/p>\n\n\n\n<p>A la entrega de infraestructura en esta instituci\u00f3n, tambi\u00e9n acudieron el Director de Educaci\u00f3n de Atizap\u00e1n de Zaragoza, Eleazar Gonz\u00e1lez Ord\u00f3\u00f1ez; Julio C\u00e9sar Mart\u00ednez Hern\u00e1ndez, director de Desarrollo Social; Judith Pardavell T\u00e9llez, Supervisora Escolar de la Zona XXXIII; Emmanuel Ruiz Cruz, Jefe del Sector Escolar N\u00famero 4 y Mar\u00eda Elena Hern\u00e1ndez Morales, Ex Directora de Educaci\u00f3n en Atizap\u00e1n de Zaragoza.<\/p>\n","protected":false},"excerpt":{"rendered":"<p>Las y los m&aacute;s de mil 500 alumnos de la Escuela Secundaria T&eacute;cnica N&uacute;mero 62&#8230;<\/p>\n","protected":false},"author":1,"featured_media":14732,"comment_status":"closed","ping_status":"closed","sticky":false,"template":"","format":"standard","meta":{"footnotes":""},"categories":[45],"tags":[],"class_list":["post-14731","post","type-post","status-publish","format-standard","has-post-thumbnail","hentry","category-atizapan-de-zaragoza"],"_links":{"self":[{"href":"https:\/\/www.notiflashmexiquense.com.mx\/index.php?rest_route=\/wp\/v2\/posts\/14731","targetHints":{"allow":["GET"]}}],"collection":[{"href":"https:\/\/www.notiflashmexiquense.com.mx\/index.php?rest_route=\/wp\/v2\/posts"}],"about":[{"href":"https:\/\/www.notiflashmexiquense.com.mx\/index.php?rest_route=\/wp\/v2\/types\/post"}],"author":[{"embeddable":true,"href":"https:\/\/www.notiflashmexiquense.com.mx\/index.php?rest_route=\/wp\/v2\/users\/1"}],"replies":[{"embeddable":true,"href":"https:\/\/www.notiflashmexiquense.com.mx\/index.php?rest_route=%2Fwp%2Fv2%2Fcomments&post=14731"}],"version-history":[{"count":1,"href":"https:\/\/www.notiflashmexiquense.com.mx\/index.php?rest_route=\/wp\/v2\/posts\/14731\/revisions"}],"predecessor-version":[{"id":14733,"href":"https:\/\/www.notiflashmexiquense.com.mx\/index.php?rest_route=\/wp\/v2\/posts\/14731\/revisions\/14733"}],"wp:featuredmedia":[{"embeddable":true,"href":"https:\/\/www.notiflashmexiquense.com.mx\/index.php?rest_route=\/wp\/v2\/media\/14732"}],"wp:attachment":[{"href":"https:\/\/www.notiflashmexiquense.com.mx\/index.php?rest_route=%2Fwp%2Fv2%2Fmedia&parent=14731"}],"wp:term":[{"taxonomy":"category","embeddable":true,"href":"https:\/\/www.notiflashmexiquense.com.mx\/index.php?rest_route=%2Fwp%2Fv2%2Fcategories&post=14731"},{"taxonomy":"post_tag","embeddable":true,"href":"https:\/\/www.notiflashmexiquense.com.mx\/index.php?rest_route=%2Fwp%2Fv2%2Ftags&post=14731"}],"curies":[{"name":"wp","href":"https:\/\/api.w.org\/{rel}","templated":true}]}}