{"id":14719,"date":"2023-12-22T20:21:46","date_gmt":"2023-12-22T20:21:46","guid":{"rendered":"https:\/\/www.notiflashmexiquense.com.mx\/?p=14719"},"modified":"2023-12-22T21:01:41","modified_gmt":"2023-12-22T21:01:41","slug":"pedro-rodriguez-inicia-mejoramiento-de-calle-juan-de-la-barrera-en-la-colonia-primero-de-septiembre-destaca-que-obras-crean-oportunidades-y-cambian-las-condiciones-de-vida","status":"publish","type":"post","link":"https:\/\/www.notiflashmexiquense.com.mx\/?p=14719","title":{"rendered":"PEDRO RODR\u00cdGUEZ INICIA MEJORAMIENTO DE CALLE JUAN DE LA BARRERA, EN LA COLONIA PRIMERO DE SEPTIEMBRE; DESTACA QUE OBRAS CREAN OPORTUNIDADES Y CAMBIAN LAS CONDICIONES DE VIDA"},"content":{"rendered":"\n<p>Pedro Rodr\u00edguez Villegas, Presidente Municipal de Atizap\u00e1n de Zaragoza, dio el banderazo de inicio de los trabajos de repavimentaci\u00f3n con concreto asf\u00e1ltico de la calle Juan de la Barrera, en la Colonia Primero de Septiembre.<\/p>\n\n\n\n<p>En un recorrido realizado por el espacio que ser\u00e1 rehabilitado de manera integral, el Alcalde destac\u00f3 que su visita a las comunidades es para atender y escuchar a las y los vecinos, conocer la problem\u00e1tica de las colonias y buscar soluciones conjuntas.<\/p>\n\n\n\n<p>\u201cEstamos aqu\u00ed porque queremos ratificar nuestro compromiso con el arranque de esta obra, porque \u00e9ste es un Gobierno que trabaja intensamente por cambiar las condiciones de vida de los atizapenses\u201d, expres\u00f3 el Alcalde.<\/p>\n\n\n\n<p>Entre los trabajos que beneficiar\u00e1n a m\u00e1s de 2,000 personas, se contempla la construcci\u00f3n de 933 metros cuadrados de concreto asf\u00e1ltico, guarniciones, banquetas y rampas, balizamiento y aplicaci\u00f3n de pintura, lo que generar\u00e1 un entorno agradable, saludable y seguro para la poblaci\u00f3n.<\/p>\n\n\n\n<p>Adem\u00e1s, Rodr\u00edguez Villegas se comprometi\u00f3 a rehabilitar el \u00e1rea verde y la escalera aleda\u00f1a a la zona de obra.<\/p>\n\n\n\n<p>A la actividad acudieron Silvia M\u00e1rquez Velasco, Primera S\u00edndica; Efra\u00edn Medina Moreno, Tercer Regidor; Edgar David V\u00e1zquez Molina, Director de Obras P\u00fablicas, y Julio C\u00e9sar Mart\u00ednez Hern\u00e1ndez, Director de Desarrollo Social.<\/p>\n\n\n\n<p>Por parte de las y los colonos acudieron presidentes de los Consejos de Participaci\u00f3n Ciudadana (Copaci), entre ellos Graciela Mu\u00f1oz Romero, de la Colonia Primero de Septiembre; Alberto Baltazar L\u00f3pez, de la M\u00e9xico 86, y Esmeralda Cisneros, de la 5 de Mayo.<\/p>\n","protected":false},"excerpt":{"rendered":"<p>Pedro Rodr&iacute;guez Villegas, Presidente Municipal de Atizap&aacute;n de Zaragoza, dio el banderazo de inicio de&#8230;<\/p>\n","protected":false},"author":1,"featured_media":14724,"comment_status":"closed","ping_status":"closed","sticky":false,"template":"","format":"standard","meta":{"footnotes":""},"categories":[45],"tags":[],"class_list":["post-14719","post","type-post","status-publish","format-standard","has-post-thumbnail","hentry","category-atizapan-de-zaragoza"],"_links":{"self":[{"href":"https:\/\/www.notiflashmexiquense.com.mx\/index.php?rest_route=\/wp\/v2\/posts\/14719","targetHints":{"allow":["GET"]}}],"collection":[{"href":"https:\/\/www.notiflashmexiquense.com.mx\/index.php?rest_route=\/wp\/v2\/posts"}],"about":[{"href":"https:\/\/www.notiflashmexiquense.com.mx\/index.php?rest_route=\/wp\/v2\/types\/post"}],"author":[{"embeddable":true,"href":"https:\/\/www.notiflashmexiquense.com.mx\/index.php?rest_route=\/wp\/v2\/users\/1"}],"replies":[{"embeddable":true,"href":"https:\/\/www.notiflashmexiquense.com.mx\/index.php?rest_route=%2Fwp%2Fv2%2Fcomments&post=14719"}],"version-history":[{"count":1,"href":"https:\/\/www.notiflashmexiquense.com.mx\/index.php?rest_route=\/wp\/v2\/posts\/14719\/revisions"}],"predecessor-version":[{"id":14720,"href":"https:\/\/www.notiflashmexiquense.com.mx\/index.php?rest_route=\/wp\/v2\/posts\/14719\/revisions\/14720"}],"wp:featuredmedia":[{"embeddable":true,"href":"https:\/\/www.notiflashmexiquense.com.mx\/index.php?rest_route=\/wp\/v2\/media\/14724"}],"wp:attachment":[{"href":"https:\/\/www.notiflashmexiquense.com.mx\/index.php?rest_route=%2Fwp%2Fv2%2Fmedia&parent=14719"}],"wp:term":[{"taxonomy":"category","embeddable":true,"href":"https:\/\/www.notiflashmexiquense.com.mx\/index.php?rest_route=%2Fwp%2Fv2%2Fcategories&post=14719"},{"taxonomy":"post_tag","embeddable":true,"href":"https:\/\/www.notiflashmexiquense.com.mx\/index.php?rest_route=%2Fwp%2Fv2%2Ftags&post=14719"}],"curies":[{"name":"wp","href":"https:\/\/api.w.org\/{rel}","templated":true}]}}