{"id":14612,"date":"2023-10-30T21:09:33","date_gmt":"2023-10-30T21:09:33","guid":{"rendered":"https:\/\/www.notiflashmexiquense.com.mx\/?p=14612"},"modified":"2023-10-30T21:09:34","modified_gmt":"2023-10-30T21:09:34","slug":"se-gradua-segunda-generacion-de-academia-de-policia-de-naucalpan","status":"publish","type":"post","link":"https:\/\/www.notiflashmexiquense.com.mx\/?p=14612","title":{"rendered":"SE GRAD\u00daA SEGUNDA GENERACI\u00d3N DE ACADEMIA DE POLIC\u00cdA DE NAUCALPAN"},"content":{"rendered":"\n<ul class=\"wp-block-list\">\n<li>Suman 153 cadetes egresados, con quienes se renueva la corporaci\u00f3n municipal.<\/li>\n<\/ul>\n\n\n\n<p>\u201cAs\u00ed los quiero recordar, con esas caras alegres, de satisfacci\u00f3n por haber culminado su curso de formaci\u00f3n inicial y por ingresar a una corporaci\u00f3n que quiere dar lo mejor de s\u00ed para los naucalpenses\u201d, expres\u00f3 la alcaldesa Ang\u00e9lica Moya Mar\u00edn durante la graduaci\u00f3n de 71 cadetes que conforman la segunda generaci\u00f3n de la Academia de Polic\u00eda Municipal.<\/p>\n\n\n\n<p>Previo a la entrega de reconocimientos y toma de protesta a los cadetes, la alcaldesa reconoci\u00f3 que Naucalpan vive tiempos complejos en materia de seguridad, por lo que la ciudadan\u00eda exige polic\u00edas con la integridad, el respeto y la \u00e9tica que requiere esta profesi\u00f3n y se\u00f1al\u00f3 que en estos cadetes recae el deber de regresar la paz y tranquilidad a las familias naucalpenses.<\/p>\n\n\n\n<p>Asegur\u00f3 que pese a que su gobierno recibi\u00f3 un municipio sumido en la peor crisis financiera de su historia, con orden, responsabilidad financiera y colaboraci\u00f3n entre autoridades y sociedad civil, se han logrado avances importantes como la reactivaci\u00f3n de la Academia de Polic\u00eda, que con esta segunda generaci\u00f3n suma 153 cadetes graduados para reforzar la seguridad de la demarcaci\u00f3n.<\/p>\n\n\n\n<p>\u201cJ\u00f3venes, hagan valer el tiempo y esfuerzo invertido en este programa, y nunca se olviden del gran compromiso que otorga portar el uniforme azul: estar siempre al servicio de los vecinos. Su labor es fundamental y su dedicaci\u00f3n es el faro que nos gu\u00eda hacia un Naucalpan mejor y m\u00e1s seguro\u201d, exclam\u00f3 para posteriormente tomarles protesta a los egresados.<\/p>\n\n\n\n<p>Pablo Francisco Rosas Olmos, director general de Seguridad Ciudadana y Movilidad Segura, reconoci\u00f3 que no cualquiera puede ser polic\u00eda, por lo que seleccionaron los mejores perfiles para forjar la corporaci\u00f3n que demanda la sociedad, ajena a esquemas de corrupci\u00f3n y cuyos elementos sean verdaderos agentes de cambio.<\/p>\n\n\n\n<p>Agreg\u00f3 que los egresados de esta segunda generaci\u00f3n de la Academia de Polic\u00eda Municipal, 24 mujeres y 47 hombres, podr\u00e1n cumplir el sue\u00f1o de muchas personas, que es convertirse en h\u00e9roe real, \u201ccon uniforme, pero sin antifaz, que entender\u00e1 y resolver\u00e1 todo tipo de auxilio y generar\u00e1n proximidad\u201d.<\/p>\n\n\n\n<p>Record\u00f3 que los cadetes concluyeron el programa te\u00f3rico-pr\u00e1ctico de 972 horas de formaci\u00f3n inicial, con materias especializadas como prevenci\u00f3n del delito y vinculaci\u00f3n social, acondicionamiento f\u00edsico, derechos humanos, uso de la fuerza y leg\u00edtima defensa, conducci\u00f3n de veh\u00edculos policiales, primer respondiente, armamento y tiro policial, detenci\u00f3n y conducci\u00f3n de personas, entre otras.<\/p>\n\n\n\n<p>En representaci\u00f3n de los graduados, la cadete Viviana L\u00f3pez L\u00f3pez, quien obtuvo promedio de 9.42, expres\u00f3 que fueron meses de ardua labor y esfuerzo, durante los cuales \u201cadem\u00e1s de aprender, comprendimos el significado del compa\u00f1erismo, la uni\u00f3n, el esp\u00edritu, la lealtad y la vocaci\u00f3n por ayudar\u201d.<\/p>\n\n\n\n<p>Consider\u00f3 un honor concluir su capacitaci\u00f3n y exhort\u00f3 a sus compa\u00f1eros \u201ca que salgamos de esta Academia con una firme convicci\u00f3n sobre el cumplimiento de nuestro deber: brindar seguridad a los naucalpenses, quienes depositan su confianza en nosotros, una nueva generaci\u00f3n de polic\u00edas formados con valores, pero sobre todo bajo los principios de legalidad, objetividad, eficiencia, profesionalismo, honradez y respeto a los derechos humanos\u201d.<\/p>\n","protected":false},"excerpt":{"rendered":"<p>&ldquo;As&iacute; los quiero recordar, con esas caras alegres, de satisfacci&oacute;n por haber culminado su curso&#8230;<\/p>\n","protected":false},"author":1,"featured_media":14613,"comment_status":"closed","ping_status":"closed","sticky":false,"template":"","format":"standard","meta":{"footnotes":""},"categories":[45],"tags":[],"class_list":["post-14612","post","type-post","status-publish","format-standard","has-post-thumbnail","hentry","category-atizapan-de-zaragoza"],"_links":{"self":[{"href":"https:\/\/www.notiflashmexiquense.com.mx\/index.php?rest_route=\/wp\/v2\/posts\/14612","targetHints":{"allow":["GET"]}}],"collection":[{"href":"https:\/\/www.notiflashmexiquense.com.mx\/index.php?rest_route=\/wp\/v2\/posts"}],"about":[{"href":"https:\/\/www.notiflashmexiquense.com.mx\/index.php?rest_route=\/wp\/v2\/types\/post"}],"author":[{"embeddable":true,"href":"https:\/\/www.notiflashmexiquense.com.mx\/index.php?rest_route=\/wp\/v2\/users\/1"}],"replies":[{"embeddable":true,"href":"https:\/\/www.notiflashmexiquense.com.mx\/index.php?rest_route=%2Fwp%2Fv2%2Fcomments&post=14612"}],"version-history":[{"count":1,"href":"https:\/\/www.notiflashmexiquense.com.mx\/index.php?rest_route=\/wp\/v2\/posts\/14612\/revisions"}],"predecessor-version":[{"id":14614,"href":"https:\/\/www.notiflashmexiquense.com.mx\/index.php?rest_route=\/wp\/v2\/posts\/14612\/revisions\/14614"}],"wp:featuredmedia":[{"embeddable":true,"href":"https:\/\/www.notiflashmexiquense.com.mx\/index.php?rest_route=\/wp\/v2\/media\/14613"}],"wp:attachment":[{"href":"https:\/\/www.notiflashmexiquense.com.mx\/index.php?rest_route=%2Fwp%2Fv2%2Fmedia&parent=14612"}],"wp:term":[{"taxonomy":"category","embeddable":true,"href":"https:\/\/www.notiflashmexiquense.com.mx\/index.php?rest_route=%2Fwp%2Fv2%2Fcategories&post=14612"},{"taxonomy":"post_tag","embeddable":true,"href":"https:\/\/www.notiflashmexiquense.com.mx\/index.php?rest_route=%2Fwp%2Fv2%2Ftags&post=14612"}],"curies":[{"name":"wp","href":"https:\/\/api.w.org\/{rel}","templated":true}]}}