{"id":14603,"date":"2023-10-30T01:41:37","date_gmt":"2023-10-30T01:41:37","guid":{"rendered":"https:\/\/www.notiflashmexiquense.com.mx\/?p=14603"},"modified":"2023-10-30T01:41:37","modified_gmt":"2023-10-30T01:41:37","slug":"el-dif-fomenta-la-integracion-familiar-pedro-rodriguez-villegas-durante-exhibicion-de-cdcs","status":"publish","type":"post","link":"https:\/\/www.notiflashmexiquense.com.mx\/?p=14603","title":{"rendered":"\u201cEL DIF FOMENTA LA INTEGRACI\u00d3N FAMILIAR\u201d, PEDRO RODR\u00cdGUEZ VILLEGAS, DURANTE EXHIBICI\u00d3N DE CDC\u2019s"},"content":{"rendered":"\n<p>El Alcalde de Atizap\u00e1n de Zaragoza, Pedro Rodr\u00edguez Villegas, y la Presidenta Honoraria del Sistema Municipal DIF, Patricia Ar\u00e9valo Rubio, asistieron al evento \u201cEntre flores me despiden y entre flores me reciben\u201d, en el cual las y los alumnos de los 10 Centros de Desarrollo Comunitario (CDC) y 3 Subsistemas de Atenci\u00f3n exhibieron las habilidades art\u00edsticas, recreativas, deportivas y culturales que han adquirido.<\/p>\n\n\n\n<p>En el evento, tambi\u00e9n se dieron a conocer los talleres que se ofrecen en estos CDC\u2019, que representan una oportunidad para mejorar el bienestar de los habitantes de las diferentes colonias donde se encuentran.<\/p>\n\n\n\n<p>De esta forma, se mostr\u00f3 a las y los asistentes trabajos como arte de u\u00f1as, bisuter\u00eda, panader\u00eda y globoflexia, entre otros, para generar autoempleo. Todo ello se present\u00f3 en las afueras del Teatro Zaragoza.<\/p>\n\n\n\n<p>Y en el interior del recinto, la atm\u00f3sfera se transform\u00f3 en un espect\u00e1culo que anunci\u00f3 la tradicional fiesta del D\u00eda de Muertos.<\/p>\n\n\n\n<p>Ni\u00f1as y ni\u00f1os caracterizados como calaveritas ofrecieron n\u00fameros de patinaje, taekwondo, bailables, danza polinesia, ballet y hasta estimulaci\u00f3n temprana; todas las actividades generaron los aplausos de los m\u00e1s de 900 personas que colmaron el teatro.<\/p>\n\n\n\n<p>El Presidente Municipal, Pedro Rodr\u00edguez Villegas, celebr\u00f3 la reuni\u00f3n que convoc\u00f3 a madres, padres de familia y sus hijos para pasar una ma\u00f1ana llena de alegr\u00eda.<\/p>\n\n\n\n<p>Al mismo tiempo dijo que el Sistema DIF Municipal, aparte de apoyar la salud y desarrollo de la ciudadan\u00eda, busca fomentar los buenos valores en las personas.<\/p>\n\n\n\n<p>\u201cLo que nos ha llevado a que en nuestro pa\u00eds haya tanta inseguridad es porque se ha perdido la integraci\u00f3n familiar, y lo que fomenta el DIF, es esa integraci\u00f3n. Celebro que est\u00e9n aqu\u00ed impulsando y motivando a sus hijos en una disciplina para practicar alguna actividad. Seguiremos generando acciones por el bien de ustedes y de sus familias\u201d, expres\u00f3 Rodr\u00edguez Villegas.<\/p>\n\n\n\n<p>Por su parte, la Presidenta Honoraria del DIF, Patricia Ar\u00e9valo Rubio, se mostr\u00f3 entusiasmada por mostrar a los asistentes las habilidades que ni\u00f1as, ni\u00f1os y j\u00f3venes han adquirido con constancia y dedicaci\u00f3n.<\/p>\n\n\n\n<p>\u201cGracias a los pap\u00e1s que est\u00e1n presentes fortaleciendo a sus peque\u00f1os, porque ustedes son la parte m\u00e1s importante y sin su apoyo, esto no ser\u00eda posible; gracias por dedicarles tiempo. Y les agradecemos por permitirnos trabajar de la mano con este Gobierno de mi esposo Pedro Rodr\u00edguez, que siempre est\u00e1 impulsando actividades, sobre todo para los j\u00f3venes\u201d, destac\u00f3.<\/p>\n\n\n\n<p>Al evento \u201cEntre flores me despiden y entre flores me reciben\u201d, tambi\u00e9n asistieron Efra\u00edn Medina Moreno, Tercer Regidor; Rodrigo S\u00e1nchez de la Pe\u00f1a, Director General del DIF Atizap\u00e1n de Zaragoza; Edith Joana Hern\u00e1ndez Miranda, Subdirectora de Asistencia Social; Mar\u00eda Yuriko Huerta Quevedo, Coordinadora de los CDC del Sistema Municipal DIF.<\/p>\n","protected":false},"excerpt":{"rendered":"<p>El Alcalde de Atizap&aacute;n de Zaragoza, Pedro Rodr&iacute;guez Villegas, y la Presidenta Honoraria del Sistema&#8230;<\/p>\n","protected":false},"author":1,"featured_media":14604,"comment_status":"closed","ping_status":"closed","sticky":false,"template":"","format":"standard","meta":{"footnotes":""},"categories":[45],"tags":[],"class_list":["post-14603","post","type-post","status-publish","format-standard","has-post-thumbnail","hentry","category-atizapan-de-zaragoza"],"_links":{"self":[{"href":"https:\/\/www.notiflashmexiquense.com.mx\/index.php?rest_route=\/wp\/v2\/posts\/14603","targetHints":{"allow":["GET"]}}],"collection":[{"href":"https:\/\/www.notiflashmexiquense.com.mx\/index.php?rest_route=\/wp\/v2\/posts"}],"about":[{"href":"https:\/\/www.notiflashmexiquense.com.mx\/index.php?rest_route=\/wp\/v2\/types\/post"}],"author":[{"embeddable":true,"href":"https:\/\/www.notiflashmexiquense.com.mx\/index.php?rest_route=\/wp\/v2\/users\/1"}],"replies":[{"embeddable":true,"href":"https:\/\/www.notiflashmexiquense.com.mx\/index.php?rest_route=%2Fwp%2Fv2%2Fcomments&post=14603"}],"version-history":[{"count":1,"href":"https:\/\/www.notiflashmexiquense.com.mx\/index.php?rest_route=\/wp\/v2\/posts\/14603\/revisions"}],"predecessor-version":[{"id":14605,"href":"https:\/\/www.notiflashmexiquense.com.mx\/index.php?rest_route=\/wp\/v2\/posts\/14603\/revisions\/14605"}],"wp:featuredmedia":[{"embeddable":true,"href":"https:\/\/www.notiflashmexiquense.com.mx\/index.php?rest_route=\/wp\/v2\/media\/14604"}],"wp:attachment":[{"href":"https:\/\/www.notiflashmexiquense.com.mx\/index.php?rest_route=%2Fwp%2Fv2%2Fmedia&parent=14603"}],"wp:term":[{"taxonomy":"category","embeddable":true,"href":"https:\/\/www.notiflashmexiquense.com.mx\/index.php?rest_route=%2Fwp%2Fv2%2Fcategories&post=14603"},{"taxonomy":"post_tag","embeddable":true,"href":"https:\/\/www.notiflashmexiquense.com.mx\/index.php?rest_route=%2Fwp%2Fv2%2Ftags&post=14603"}],"curies":[{"name":"wp","href":"https:\/\/api.w.org\/{rel}","templated":true}]}}