{"id":14591,"date":"2023-10-28T20:51:39","date_gmt":"2023-10-28T20:51:39","guid":{"rendered":"https:\/\/www.notiflashmexiquense.com.mx\/?p=14591"},"modified":"2023-10-28T20:51:39","modified_gmt":"2023-10-28T20:51:39","slug":"presentan-programa-yo-elijo-en-atizapan-de-zaragoza-direccion-de-juventud-asegura-que-es-el-mayor-aliado-de-las-y-los-jovenes-del-municipio","status":"publish","type":"post","link":"https:\/\/www.notiflashmexiquense.com.mx\/?p=14591","title":{"rendered":"PRESENTAN PROGRAMA \u2018YO ELIJO\u2019 EN ATIZAP\u00c1N DE ZARAGOZA; DIRECCI\u00d3N DE JUVENTUD ASEGURA QUE ES EL MAYOR ALIADO DE LAS Y LOS J\u00d3VENES DEL MUNICIPIO"},"content":{"rendered":"\n<p>El Gobierno de Atizap\u00e1n de Zaragoza, a trav\u00e9s de su Direcci\u00f3n de Juventud, present\u00f3 el programa Yo Elijo, que tiene como objetivo crear conciencia sobre la importancia de la salud mental y proporcionar recursos e informaci\u00f3n valiosa para quienes puedan estar enfrentando alg\u00fan desaf\u00edo emocional.<\/p>\n\n\n\n<p>Esta actividad se realiz\u00f3 en el Centro Cultural Luis Nishizawa, a donde acudieron expertos en salud mental, quienes, con actividades interactivas, interactuaron con los 650 j\u00f3venes de escuelas de distintos niveles ubicadas en el territorio municipal, entre ellas el Colegio Federico Froebel, el Conalep II, La Universidad 3 Culturas Campus Atizap\u00e1n, la Universidad Tecnol\u00f3gica Fidel Vel\u00e1zquez, la Universidad Latinoamericana Campus Norte, la Preparatoria Oficial No. 64 y el Centro Universitario UAEM Valle de M\u00e9xico.<\/p>\n\n\n\n<p>\u201cEsta campa\u00f1a de Yo Elijo va m\u00e1s all\u00e1 que un simple programa. Tiene la intenci\u00f3n de que nuestros j\u00f3venes est\u00e9n fortalecidos, que el d\u00eda de ma\u00f1ana tomen decisiones con conciencia, que ning\u00fan joven se quede atr\u00e1s\u201d, expres\u00f3 Brenda Mart\u00ednez Bautista, Directora de Juventud.<\/p>\n\n\n\n<p>\u201cQuiero que sepan que el Presidente Municipal, Pedro Rodr\u00edguez Villegas, nos encomend\u00f3 el poder realizar esta acci\u00f3n, traerles Yo Elijo, donde ustedes elijan, exijan su respeto, elijan su futuro, su plan de vida y, sobre todo, recuerden que en la Direcci\u00f3n de la Juventud tienen a sus mayores aliados para poder materializar todos y cada uno de estos sue\u00f1os\u201d.<\/p>\n\n\n\n<p>Adem\u00e1s, Mart\u00ednez Bautista present\u00f3 la tarjeta denominada Beneficio Joven, con la que la juventud atizapense podr\u00e1 tener descuentos en diversos establecimientos.<\/p>\n\n\n\n<p>Tambi\u00e9n hubo una conferencia denominada La Fiesta del Siglo, enfocada a crear conciencia en las y los j\u00f3venes para disminuir el \u00edndice de mortalidad a causa de accidentes provocados por el consumo de alcohol, adem\u00e1s de explicar las afectaciones que pueden causar los efectos de esta sustancia.<\/p>\n","protected":false},"excerpt":{"rendered":"<p>El Gobierno de Atizap&aacute;n de Zaragoza, a trav&eacute;s de su Direcci&oacute;n de Juventud, present&oacute; el&#8230;<\/p>\n","protected":false},"author":1,"featured_media":14592,"comment_status":"closed","ping_status":"closed","sticky":false,"template":"","format":"standard","meta":{"footnotes":""},"categories":[45],"tags":[],"class_list":["post-14591","post","type-post","status-publish","format-standard","has-post-thumbnail","hentry","category-atizapan-de-zaragoza"],"_links":{"self":[{"href":"https:\/\/www.notiflashmexiquense.com.mx\/index.php?rest_route=\/wp\/v2\/posts\/14591","targetHints":{"allow":["GET"]}}],"collection":[{"href":"https:\/\/www.notiflashmexiquense.com.mx\/index.php?rest_route=\/wp\/v2\/posts"}],"about":[{"href":"https:\/\/www.notiflashmexiquense.com.mx\/index.php?rest_route=\/wp\/v2\/types\/post"}],"author":[{"embeddable":true,"href":"https:\/\/www.notiflashmexiquense.com.mx\/index.php?rest_route=\/wp\/v2\/users\/1"}],"replies":[{"embeddable":true,"href":"https:\/\/www.notiflashmexiquense.com.mx\/index.php?rest_route=%2Fwp%2Fv2%2Fcomments&post=14591"}],"version-history":[{"count":1,"href":"https:\/\/www.notiflashmexiquense.com.mx\/index.php?rest_route=\/wp\/v2\/posts\/14591\/revisions"}],"predecessor-version":[{"id":14593,"href":"https:\/\/www.notiflashmexiquense.com.mx\/index.php?rest_route=\/wp\/v2\/posts\/14591\/revisions\/14593"}],"wp:featuredmedia":[{"embeddable":true,"href":"https:\/\/www.notiflashmexiquense.com.mx\/index.php?rest_route=\/wp\/v2\/media\/14592"}],"wp:attachment":[{"href":"https:\/\/www.notiflashmexiquense.com.mx\/index.php?rest_route=%2Fwp%2Fv2%2Fmedia&parent=14591"}],"wp:term":[{"taxonomy":"category","embeddable":true,"href":"https:\/\/www.notiflashmexiquense.com.mx\/index.php?rest_route=%2Fwp%2Fv2%2Fcategories&post=14591"},{"taxonomy":"post_tag","embeddable":true,"href":"https:\/\/www.notiflashmexiquense.com.mx\/index.php?rest_route=%2Fwp%2Fv2%2Ftags&post=14591"}],"curies":[{"name":"wp","href":"https:\/\/api.w.org\/{rel}","templated":true}]}}