{"id":14542,"date":"2023-10-25T05:32:26","date_gmt":"2023-10-25T05:32:26","guid":{"rendered":"https:\/\/www.notiflashmexiquense.com.mx\/?p=14542"},"modified":"2023-10-25T05:32:26","modified_gmt":"2023-10-25T05:32:26","slug":"cumplimentan-elementos-de-la-fiscalia-estatal-orden-de-aprehension-contra-dos-posibles-implicados-en-trata-de-personas","status":"publish","type":"post","link":"https:\/\/www.notiflashmexiquense.com.mx\/?p=14542","title":{"rendered":"CUMPLIMENTAN ELEMENTOS DE LA FISCAL\u00cdA ESTATAL ORDEN DE APREHENSI\u00d3N CONTRA DOS POSIBLES IMPLICADOS EN TRATA DE PERSONAS"},"content":{"rendered":"\n<p>\u00b7 Los detenidos son la madre de la v\u00edctima y la pareja sentimental de esta mujer, quienes al parecer obligaban a una ni\u00f1a de 11 a\u00f1os, a vender alimentos en diversos puntos de los municipios de Teotihuac\u00e1n y San Mart\u00edn de las Pir\u00e1mides.<\/p>\n\n\n\n<p>San Mart\u00edn de las Pir\u00e1mides, Estado de M\u00e9xico, 24 de octubre de 2023.- Agentes de la Fiscal\u00eda General de Justicia del Estado de M\u00e9xico (FGJEM) cumplimentaron orden de aprehensi\u00f3n contra Juan Carlos \u201cN\u201d y Mar\u00eda Isabel \u201cN\u201d, se\u00f1alados por su posible intervenci\u00f3n en el delito de trata de personas, ya que al parecer obligaban a una ni\u00f1a de 11 a\u00f1os, hija de la mujer detenida, a vender alimentos en diversos puntos de los municipios de Teotihuac\u00e1n y San Mart\u00edn de las Pir\u00e1mides.<\/p>\n\n\n\n<pre class=\"wp-block-code\"><code>        Con la indagatoria iniciada por esta Fiscal\u00eda estatal fue posible establecer que a partir del mes de septiembre de 2022 y hasta el 19 de agosto de este 2023, ambas personas al parecer obligaban a la v\u00edctima a comercializar nopales y donas en un parque en Teotihuac\u00e1n, as\u00ed como en distintos puntos en San Mart\u00edn de las Pir\u00e1mides.\n\n        El dinero obtenido por la v\u00edctima deb\u00eda entregarlo al hoy detenido y en caso de que se negara a realizar esta actividad, presumiblemente era golpeada.\n\n        Una vez que estos hechos fueron denunciados ante el Agente del Ministerio P\u00fablico, fue iniciada la indagatoria correspondiente por trata de personas, en la modalidad \u201cde qui\u00e9n tenga o mantenga a una persona en trabajos forzados\u201d. Con los datos de prueba recabados, se obtuvo de la Autoridad Judicial orden de aprehensi\u00f3n en contra de los posibles implicados.\n\n        Agentes de la Polic\u00eda de Investigaci\u00f3n (PDI) aprehendieron a los dos presuntos responsables, Juan Carlos \u201cN\u201d fue ingresado al Centro Penitenciario y de Reinserci\u00f3n Social de Otumba, en tanto que Mar\u00eda Isabel \u201cN\u201d al Penal de Ecatepec, a disposici\u00f3n del \u00d3rgano Jurisdiccional, quien determinar\u00e1 su situaci\u00f3n legal, sin embargo, deben ser considerados inocentes hasta que sea dictada una sentencia condenatoria en su contra.<\/code><\/pre>\n\n\n\n<p>La Fiscal\u00eda General de Justicia pone a disposici\u00f3n de la ciudadan\u00eda el correo electr\u00f3nico cerotolerancia@fiscaliaedomex.gob.mx, el n\u00famero telef\u00f3nico 800 7028770, o bien, la aplicaci\u00f3n FGJEdomex, la cual est\u00e1 disponible de manera gratuita para los tel\u00e9fonos inteligentes de los sistemas iOS y Android, para que en caso de reconocer a los detenidos como posibles implicados en otro hecho delictivo, sean denunciados.<\/p>\n\n\n\n<p>oo0oo<\/p>\n","protected":false},"excerpt":{"rendered":"<p>&middot; Los detenidos son la madre de la v&iacute;ctima y la pareja sentimental de esta&#8230;<\/p>\n","protected":false},"author":1,"featured_media":14543,"comment_status":"closed","ping_status":"closed","sticky":false,"template":"","format":"standard","meta":{"footnotes":""},"categories":[73],"tags":[],"class_list":["post-14542","post","type-post","status-publish","format-standard","has-post-thumbnail","hentry","category-fgjem"],"_links":{"self":[{"href":"https:\/\/www.notiflashmexiquense.com.mx\/index.php?rest_route=\/wp\/v2\/posts\/14542","targetHints":{"allow":["GET"]}}],"collection":[{"href":"https:\/\/www.notiflashmexiquense.com.mx\/index.php?rest_route=\/wp\/v2\/posts"}],"about":[{"href":"https:\/\/www.notiflashmexiquense.com.mx\/index.php?rest_route=\/wp\/v2\/types\/post"}],"author":[{"embeddable":true,"href":"https:\/\/www.notiflashmexiquense.com.mx\/index.php?rest_route=\/wp\/v2\/users\/1"}],"replies":[{"embeddable":true,"href":"https:\/\/www.notiflashmexiquense.com.mx\/index.php?rest_route=%2Fwp%2Fv2%2Fcomments&post=14542"}],"version-history":[{"count":1,"href":"https:\/\/www.notiflashmexiquense.com.mx\/index.php?rest_route=\/wp\/v2\/posts\/14542\/revisions"}],"predecessor-version":[{"id":14544,"href":"https:\/\/www.notiflashmexiquense.com.mx\/index.php?rest_route=\/wp\/v2\/posts\/14542\/revisions\/14544"}],"wp:featuredmedia":[{"embeddable":true,"href":"https:\/\/www.notiflashmexiquense.com.mx\/index.php?rest_route=\/wp\/v2\/media\/14543"}],"wp:attachment":[{"href":"https:\/\/www.notiflashmexiquense.com.mx\/index.php?rest_route=%2Fwp%2Fv2%2Fmedia&parent=14542"}],"wp:term":[{"taxonomy":"category","embeddable":true,"href":"https:\/\/www.notiflashmexiquense.com.mx\/index.php?rest_route=%2Fwp%2Fv2%2Fcategories&post=14542"},{"taxonomy":"post_tag","embeddable":true,"href":"https:\/\/www.notiflashmexiquense.com.mx\/index.php?rest_route=%2Fwp%2Fv2%2Ftags&post=14542"}],"curies":[{"name":"wp","href":"https:\/\/api.w.org\/{rel}","templated":true}]}}