{"id":14532,"date":"2023-10-23T22:42:25","date_gmt":"2023-10-23T22:42:25","guid":{"rendered":"https:\/\/www.notiflashmexiquense.com.mx\/?p=14532"},"modified":"2023-10-23T22:42:25","modified_gmt":"2023-10-23T22:42:25","slug":"por-homicidio-calificado-y-homicidio-en-grado-de-tentativa-fiscalia-edomex-obtiene-sentencia-de-138-anos-de-prision-para-individuo","status":"publish","type":"post","link":"https:\/\/www.notiflashmexiquense.com.mx\/?p=14532","title":{"rendered":"POR HOMICIDIO CALIFICADO Y HOMICIDIO EN GRADO DE TENTATIVA, FISCAL\u00cdA EDOM\u00c9X OBTIENE SENTENCIA DE 138 A\u00d1OS DE PRISI\u00d3N PARA INDIVIDUO"},"content":{"rendered":"\n<p>\u00b7&nbsp;&nbsp;&nbsp;&nbsp;&nbsp;&nbsp;&nbsp;&nbsp;&nbsp;<em>El sentenciado particip\u00f3 en una agresi\u00f3n donde dos hombres fallecieron y dos m\u00e1s resultaron lesionados por disparos de arma de fuego, en enero pasado en Naucalpan.<\/em><\/p>\n\n\n\n<p><strong>Naucalpan, Estado de M\u00e9xico, 23 de octubre de 2023.-<\/strong>&nbsp;La Fiscal\u00eda General de Justicia del Estado de M\u00e9xico (FGJEM) obtuvo sentencia de condena de 138 a\u00f1os 4 meses de prisi\u00f3n para Ubaldo P\u00e9rez Bueno, tras quedar acreditada su intervenci\u00f3n en los delitos de homicidio calificado y homicidio calificado en grado de tentativa, ya que el 28 de enero de este a\u00f1o particip\u00f3 en una agresi\u00f3n contra cuatro hombres en este municipio, dos fallecieron y dos m\u00e1s resultaron heridos.<\/p>\n\n\n\n<p>&nbsp;&nbsp;&nbsp;&nbsp;&nbsp;&nbsp;&nbsp;&nbsp;&nbsp;&nbsp;&nbsp; Indagatorias de la Fiscal\u00eda estatal precisaron que la noche de ese d\u00eda, dos de las v\u00edctimas se encontraban en avenida R\u00edo Hondo de la colonia Miramar, lugar al que arrib\u00f3 el hoy sentenciado, as\u00ed como dos sujetos m\u00e1s, quienes en un primer momento los agredieron verbalmente, posteriormente sacaron armas de fuego las cuales accionaron en su contra, ocasion\u00e1ndoles la muerte.<\/p>\n\n\n\n<p>&nbsp;&nbsp;&nbsp;&nbsp;&nbsp;&nbsp;&nbsp;&nbsp;&nbsp;&nbsp;&nbsp; Dos hombres m\u00e1s que en ese momento caminaban sobre la vialidad referida de igual forma fueron agredidos por disparos de arma de fuego, ataque que perpetr\u00f3 Ubaldo P\u00e9rez Bueno. Ambas v\u00edctimas resultaron lesionadas por lo que fueron trasladadas a un hospital donde recibieron atenci\u00f3n m\u00e9dica.<\/p>\n\n\n\n<p>&nbsp;&nbsp;&nbsp;&nbsp;&nbsp;&nbsp;&nbsp;&nbsp;&nbsp;&nbsp;&nbsp; Elementos de la Polic\u00eda Municipal de Naucalpan que se percataron de los hechos realizaron una movilizaci\u00f3n y detuvieron a este individuo, por lo que fue presentado ante el Agente del Ministerio P\u00fablico, y luego remitido ante la Autoridad Judicial en el Centro Penitenciario y de Reinserci\u00f3n Social Lic. Juan Fern\u00e1ndez Albarr\u00e1n.<\/p>\n\n\n\n<p>&nbsp;&nbsp;&nbsp;&nbsp;&nbsp;&nbsp;&nbsp;&nbsp;&nbsp;&nbsp;&nbsp; El \u00d3rgano Jurisdiccional, despu\u00e9s de revisar los datos de prueba recabados y aportados por esta Representaci\u00f3n Social, dict\u00f3 esta sentencia de condena para el acusado, adem\u00e1s le fij\u00f3 multas, en tanto que sus derechos civiles y pol\u00edticos quedaron suspendidos.&nbsp;<\/p>\n\n\n\n<p>La Fiscal\u00eda General de Justicia pone a disposici\u00f3n de la ciudadan\u00eda el correo electr\u00f3nico&nbsp;<a rel=\"noreferrer noopener\" target=\"_blank\" href=\"mailto:cerotolerancia@fiscaliaedomex.gob.mx\">cerotolerancia@fiscaliaedomex.gob.mx<\/a>, el n\u00famero telef\u00f3nico 800 7028770, o bien, la aplicaci\u00f3n FGJEdomex, la cual est\u00e1 disponible de manera gratuita para los tel\u00e9fonos inteligentes de los sistemas iOS y Android, para que denuncie cualquier hecho delictivo<\/p>\n","protected":false},"excerpt":{"rendered":"<p>&middot;&nbsp;&nbsp;&nbsp;&nbsp;&nbsp;&nbsp;&nbsp;&nbsp;&nbsp;El sentenciado particip&oacute; en una agresi&oacute;n donde dos hombres fallecieron y dos m&aacute;s resultaron lesionados&#8230;<\/p>\n","protected":false},"author":1,"featured_media":14533,"comment_status":"closed","ping_status":"closed","sticky":false,"template":"","format":"standard","meta":{"footnotes":""},"categories":[73],"tags":[],"class_list":["post-14532","post","type-post","status-publish","format-standard","has-post-thumbnail","hentry","category-fgjem"],"_links":{"self":[{"href":"https:\/\/www.notiflashmexiquense.com.mx\/index.php?rest_route=\/wp\/v2\/posts\/14532","targetHints":{"allow":["GET"]}}],"collection":[{"href":"https:\/\/www.notiflashmexiquense.com.mx\/index.php?rest_route=\/wp\/v2\/posts"}],"about":[{"href":"https:\/\/www.notiflashmexiquense.com.mx\/index.php?rest_route=\/wp\/v2\/types\/post"}],"author":[{"embeddable":true,"href":"https:\/\/www.notiflashmexiquense.com.mx\/index.php?rest_route=\/wp\/v2\/users\/1"}],"replies":[{"embeddable":true,"href":"https:\/\/www.notiflashmexiquense.com.mx\/index.php?rest_route=%2Fwp%2Fv2%2Fcomments&post=14532"}],"version-history":[{"count":1,"href":"https:\/\/www.notiflashmexiquense.com.mx\/index.php?rest_route=\/wp\/v2\/posts\/14532\/revisions"}],"predecessor-version":[{"id":14534,"href":"https:\/\/www.notiflashmexiquense.com.mx\/index.php?rest_route=\/wp\/v2\/posts\/14532\/revisions\/14534"}],"wp:featuredmedia":[{"embeddable":true,"href":"https:\/\/www.notiflashmexiquense.com.mx\/index.php?rest_route=\/wp\/v2\/media\/14533"}],"wp:attachment":[{"href":"https:\/\/www.notiflashmexiquense.com.mx\/index.php?rest_route=%2Fwp%2Fv2%2Fmedia&parent=14532"}],"wp:term":[{"taxonomy":"category","embeddable":true,"href":"https:\/\/www.notiflashmexiquense.com.mx\/index.php?rest_route=%2Fwp%2Fv2%2Fcategories&post=14532"},{"taxonomy":"post_tag","embeddable":true,"href":"https:\/\/www.notiflashmexiquense.com.mx\/index.php?rest_route=%2Fwp%2Fv2%2Ftags&post=14532"}],"curies":[{"name":"wp","href":"https:\/\/api.w.org\/{rel}","templated":true}]}}