{"id":14523,"date":"2023-10-23T21:10:36","date_gmt":"2023-10-23T21:10:36","guid":{"rendered":"https:\/\/www.notiflashmexiquense.com.mx\/?p=14523"},"modified":"2023-10-23T21:10:36","modified_gmt":"2023-10-23T21:10:36","slug":"inauguran-en-atizapan-de-zaragoza-unidad-integral-de-bienestar-animal-mascotas-tendran-acceso-a-servicios-de-manera-gratuita","status":"publish","type":"post","link":"https:\/\/www.notiflashmexiquense.com.mx\/?p=14523","title":{"rendered":"INAUGURAN EN ATIZAP\u00c1N DE ZARAGOZA UNIDAD INTEGRAL DE BIENESTAR ANIMAL; MASCOTAS TENDR\u00c1N ACCESO A SERVICIOS DE MANERA GRATUITA"},"content":{"rendered":"\n<p>El Presidente Municipal de Atizap\u00e1n de Zaragoza, Pedro Rodr\u00edguez Villegas, inaugur\u00f3 la Unidad Integral de Bienestar Animal, en la que se dar\u00e1 atenci\u00f3n a la salud de animales de casa, comunitarios y de la calle, para elevar y dignificar su calidad de vida.<\/p>\n\n\n\n<p>La Unidad se localiza en Cerrada Federaci\u00f3n S\/N, en la Colonia Lomas de Atizap\u00e1n y fue construida en un \u00e1rea de 1,170 metros cuadrados con una inversi\u00f3n superior a los 6 millones 200 mil pesos.<\/p>\n\n\n\n<p>\u201cEste centro es una obra muy importante y yo, como ustedes, comparto mi d\u00eda, mi tiempo y mi cari\u00f1o con las mascotas; yo las quiero mucho y s\u00e9 que para muchos de nosotros se vuelven una parte para la familia, por eso es importante dar este tipo de servicios\u201d, consider\u00f3 el Alcalde.<\/p>\n\n\n\n<p>La Unidad Integral de Protecci\u00f3n Animal cuenta con 14 espacios de resguardo para mascotas, \u00e1reas operativas para hospitalizaci\u00f3n y observaci\u00f3n, quir\u00f3fano, espacio felino, consultorios, vest\u00edbulo, control, recepci\u00f3n y, pr\u00f3ximamente, Rayos X.<\/p>\n\n\n\n<p>Adem\u00e1s, hay sala de espera, sanitarios, oficinas administrativas, bodega de insumos m\u00e9dicos y almac\u00e9n. Tambi\u00e9n contar\u00e1n con \u00e1rea verde para esparcimiento de los animales, estacionamiento, caseta de vigilancia y bodega para resguardo de alimentos.<\/p>\n\n\n\n<p>\u201cAqu\u00ed vamos a poder albergar tanto fauna silvestre como fauna dom\u00e9stica, inclusive aviar porque hemos tenido algunas emergencias de atenci\u00f3n de algunas aves como \u00e1guilas, halcones, rompehuesos que han sido entregados a la Profepa, por ser especies protegidas\u201d, a\u00f1adi\u00f3 el Comandante H\u00e9ctor Elorriaga Mej\u00eda, Coordinador de Protecci\u00f3n Civil, Bomberos y Medio Ambiente municipal.<\/p>\n\n\n\n<p>Tambi\u00e9n hizo \u00e9nfasis en que esas nuevas instalaciones permitir\u00e1n reforzar las campa\u00f1as de esterilizaci\u00f3n para controlar el crecimiento demogr\u00e1fico tanto de perros como de gatos.<\/p>\n\n\n\n<p>Adem\u00e1s, agradeci\u00f3 a todas las asociaciones protectoras de animales, las cuales buscar\u00e1n hogar a los perritos que lleguen a la Unidad por maltrato o rescate de situaciones de peligro, y reiter\u00f3 que en este centro no sacrificar\u00e1n animales.<\/p>\n\n\n\n<p>\u201cPorque, muchas veces, en redes sociales, generan comentarios de que aqu\u00ed los matan. Nosotros no hacemos ese tipo de trabajos, buscamos el acomodo de cada uno de estos animalitos. Los servicios que otorga este centro de bienestar animal, por instrucciones del Presidente Municipal, son totalmente gratuitos para que nadie se deje sorprender\u201d, a\u00f1adi\u00f3 Elorriaga Mej\u00eda.<\/p>\n\n\n\n<p>En la inauguraci\u00f3n, ciudadanos opinaron que las instalaciones son excelentes e invitaron a los propietarios de perros y gatos a hacer uso de los servicios.<\/p>\n\n\n\n<p>\u201cEs una obra que va a ayudar mucho a la fauna, a las mascotas, es algo que necesitaba el municipio. Si hay alguna emergencia acudir\u00edamos a consulta aqu\u00ed para que los valoren\u201d, consider\u00f3 Carlos De Mat\u00edas, vecino de Lomas Lindas<\/p>\n\n\n\n<p>A la inauguraci\u00f3n de la Unidad Integral de Bienestar Animal acudieron tambi\u00e9n Sergio Hern\u00e1ndez Olvera, Secretario del Ayuntamiento; Silvia M\u00e1rquez Velasco, Primer S\u00edndico; Efra\u00edn Medina Moreno, Tercer Regidor; Marycarmen Reyes Orozco, Cuarta Regidora; Mariana Ch\u00e1vez, Sexta Regidora; Brenda Mart\u00ednez Bautista, Directora de Juventud; Edgar David V\u00e1zquez Molina, Director de Obras P\u00fablicas; Eleazar Gonz\u00e1lez Ord\u00f3\u00f1ez, Director de Educaci\u00f3n; Wilfrido Torres, Jefe de la Oficina de Presidencia, y Enrique Geyne Guti\u00e9rrez, Secretario T\u00e9cnico de Presidencia.<\/p>\n\n\n\n<p>Tambi\u00e9n acudieron vecinos y representantes de Colonos como Mart\u00edn Alegr\u00eda, Zaida P\u00e9rez, Grisel Tamez, Carlos Abasolo, Leticia Herrera, Alejandro Cienfuegos, Jonathan Ruvalcaba, Olivia Mel\u00e9ndez, Alfredo Flores, Jos\u00e9 Manuel Contreras, Cecilia Dom\u00ednguez y Javier D\u00e1vila.<\/p>\n","protected":false},"excerpt":{"rendered":"<p>El Presidente Municipal de Atizap&aacute;n de Zaragoza, Pedro Rodr&iacute;guez Villegas, inaugur&oacute; la Unidad Integral de&#8230;<\/p>\n","protected":false},"author":1,"featured_media":14524,"comment_status":"closed","ping_status":"closed","sticky":false,"template":"","format":"standard","meta":{"footnotes":""},"categories":[45],"tags":[],"class_list":["post-14523","post","type-post","status-publish","format-standard","has-post-thumbnail","hentry","category-atizapan-de-zaragoza"],"_links":{"self":[{"href":"https:\/\/www.notiflashmexiquense.com.mx\/index.php?rest_route=\/wp\/v2\/posts\/14523","targetHints":{"allow":["GET"]}}],"collection":[{"href":"https:\/\/www.notiflashmexiquense.com.mx\/index.php?rest_route=\/wp\/v2\/posts"}],"about":[{"href":"https:\/\/www.notiflashmexiquense.com.mx\/index.php?rest_route=\/wp\/v2\/types\/post"}],"author":[{"embeddable":true,"href":"https:\/\/www.notiflashmexiquense.com.mx\/index.php?rest_route=\/wp\/v2\/users\/1"}],"replies":[{"embeddable":true,"href":"https:\/\/www.notiflashmexiquense.com.mx\/index.php?rest_route=%2Fwp%2Fv2%2Fcomments&post=14523"}],"version-history":[{"count":1,"href":"https:\/\/www.notiflashmexiquense.com.mx\/index.php?rest_route=\/wp\/v2\/posts\/14523\/revisions"}],"predecessor-version":[{"id":14525,"href":"https:\/\/www.notiflashmexiquense.com.mx\/index.php?rest_route=\/wp\/v2\/posts\/14523\/revisions\/14525"}],"wp:featuredmedia":[{"embeddable":true,"href":"https:\/\/www.notiflashmexiquense.com.mx\/index.php?rest_route=\/wp\/v2\/media\/14524"}],"wp:attachment":[{"href":"https:\/\/www.notiflashmexiquense.com.mx\/index.php?rest_route=%2Fwp%2Fv2%2Fmedia&parent=14523"}],"wp:term":[{"taxonomy":"category","embeddable":true,"href":"https:\/\/www.notiflashmexiquense.com.mx\/index.php?rest_route=%2Fwp%2Fv2%2Fcategories&post=14523"},{"taxonomy":"post_tag","embeddable":true,"href":"https:\/\/www.notiflashmexiquense.com.mx\/index.php?rest_route=%2Fwp%2Fv2%2Ftags&post=14523"}],"curies":[{"name":"wp","href":"https:\/\/api.w.org\/{rel}","templated":true}]}}