{"id":14519,"date":"2023-10-22T23:27:27","date_gmt":"2023-10-22T23:27:27","guid":{"rendered":"https:\/\/www.notiflashmexiquense.com.mx\/?p=14519"},"modified":"2023-10-22T23:27:27","modified_gmt":"2023-10-22T23:27:27","slug":"por-robo-de-vehiculo-en-agencia-de-venta-de-unidades-automotoras-en-tlalnepantla-posible-implicado-fue-vinculado-a-proceso","status":"publish","type":"post","link":"https:\/\/www.notiflashmexiquense.com.mx\/?p=14519","title":{"rendered":"POR ROBO DE VEH\u00cdCULO EN AGENCIA DE VENTA DE UNIDADES AUTOMOTORAS EN TLALNEPANTLA, POSIBLE IMPLICADO FUE VINCULADO A PROCESO"},"content":{"rendered":"\n<p>\u00b7 Habr\u00eda hurtado objetos de valor y una camioneta de gama alta tipo Silverado, hechos que fueron captados por una c\u00e1mara de seguridad.<\/p>\n\n\n\n<p>Tlalnepantla, Estado de M\u00e9xico, 22 de octubre de 2023.- Alexis \u201cN\u201d de 24 a\u00f1os, investigado por el delito de robo de veh\u00edculo con violencia, ya que el pasado 2 de octubre habr\u00eda hurtado una unidad automotora y otros objetos de valor del interior de una agencia de venta de veh\u00edculos en este municipio, fue vinculado a proceso, una vez que esta Fiscal\u00eda General de Justicia del Estado de M\u00e9xico (FGJEM) acredit\u00f3 su probable intervenci\u00f3n en estos hechos.<\/p>\n\n\n\n<p>Con los datos de prueba aportados por el Agente del Ministerio P\u00fablico, la Autoridad Judicial determin\u00f3 iniciar proceso legal contra este individuo, estableci\u00f3 adem\u00e1s plazo de dos meses para el cierre de investigaci\u00f3n complementaria y medida cautelar de prisi\u00f3n preventiva justificada.<\/p>\n\n\n\n<p>El d\u00eda de los hechos, este sujeto ingres\u00f3 a la agencia referida ubicada en la colonia Valle Dorado, donde habr\u00eda amagado con un arma punzocortante a dos empleados de seguridad, para hurtar una camioneta marca Chevrolet, tipo Silverado 2500, modelo 2021, sin placas de circulaci\u00f3n, as\u00ed como cinco computadoras tipo Laptop y dos tabletas electr\u00f3nicas, cuyo monto de lo robado se estima en 1 mill\u00f3n 500 mil pesos.<\/p>\n\n\n\n<p>Luego de que habr\u00eda cometido este il\u00edcito, el posible implicado huy\u00f3 a bordo del veh\u00edculo robado, tras impactar la unidad contra una de las rejas de salida del inmueble, estos hechos fueron captados por una c\u00e1mara de video instalada al interior de la agencia mencionada.<\/p>\n\n\n\n<p>El robo referido fue denunciado ante el Agente del Ministerio P\u00fablico, quien inici\u00f3 la indagatoria respectiva por los hechos y recab\u00f3 datos de prueba, con los cuales solicit\u00f3 a la Autoridad Judicial librar orden de aprehensi\u00f3n en su contra, mandamiento judicial que fue otorgado y cumplimentado por elementos de la Polic\u00eda de Investigaci\u00f3n (PDI).<\/p>\n\n\n\n<pre class=\"wp-block-code\"><code>        Alexis \u201cN\u201d fue ingresado al Centro Penitenciario y de Reinserci\u00f3n Social de Tlalnepantla, a disposici\u00f3n del \u00d3rgano Jurisdiccional, quien inici\u00f3 proceso legal en su contra por robo de veh\u00edculo con violencia, sin embargo, debe ser considerado inocente hasta que sea dictada una sentencia condenatoria en su contra.<\/code><\/pre>\n\n\n\n<p>La Fiscal\u00eda General de Justicia del Estado de M\u00e9xico pone a disposici\u00f3n de la ciudadan\u00eda el correo electr\u00f3nico cerotolerancia@fiscaliaedomex.gob.mx, el n\u00famero telef\u00f3nico 800 7028770, o bien, la aplicaci\u00f3n FGJEdomex, la cual est\u00e1 disponible de manera gratuita para los tel\u00e9fonos inteligentes de los sistemas iOS y Android, para que, en caso de reconocer a este individuo como posible implicado en otro hecho delictivo, sea denunciado.<\/p>\n\n\n\n<p>oo0oo<\/p>\n","protected":false},"excerpt":{"rendered":"<p>&middot; Habr&iacute;a hurtado objetos de valor y una camioneta de gama alta tipo Silverado, hechos&#8230;<\/p>\n","protected":false},"author":1,"featured_media":14520,"comment_status":"closed","ping_status":"closed","sticky":false,"template":"","format":"standard","meta":{"footnotes":""},"categories":[73],"tags":[],"class_list":["post-14519","post","type-post","status-publish","format-standard","has-post-thumbnail","hentry","category-fgjem"],"_links":{"self":[{"href":"https:\/\/www.notiflashmexiquense.com.mx\/index.php?rest_route=\/wp\/v2\/posts\/14519","targetHints":{"allow":["GET"]}}],"collection":[{"href":"https:\/\/www.notiflashmexiquense.com.mx\/index.php?rest_route=\/wp\/v2\/posts"}],"about":[{"href":"https:\/\/www.notiflashmexiquense.com.mx\/index.php?rest_route=\/wp\/v2\/types\/post"}],"author":[{"embeddable":true,"href":"https:\/\/www.notiflashmexiquense.com.mx\/index.php?rest_route=\/wp\/v2\/users\/1"}],"replies":[{"embeddable":true,"href":"https:\/\/www.notiflashmexiquense.com.mx\/index.php?rest_route=%2Fwp%2Fv2%2Fcomments&post=14519"}],"version-history":[{"count":1,"href":"https:\/\/www.notiflashmexiquense.com.mx\/index.php?rest_route=\/wp\/v2\/posts\/14519\/revisions"}],"predecessor-version":[{"id":14521,"href":"https:\/\/www.notiflashmexiquense.com.mx\/index.php?rest_route=\/wp\/v2\/posts\/14519\/revisions\/14521"}],"wp:featuredmedia":[{"embeddable":true,"href":"https:\/\/www.notiflashmexiquense.com.mx\/index.php?rest_route=\/wp\/v2\/media\/14520"}],"wp:attachment":[{"href":"https:\/\/www.notiflashmexiquense.com.mx\/index.php?rest_route=%2Fwp%2Fv2%2Fmedia&parent=14519"}],"wp:term":[{"taxonomy":"category","embeddable":true,"href":"https:\/\/www.notiflashmexiquense.com.mx\/index.php?rest_route=%2Fwp%2Fv2%2Fcategories&post=14519"},{"taxonomy":"post_tag","embeddable":true,"href":"https:\/\/www.notiflashmexiquense.com.mx\/index.php?rest_route=%2Fwp%2Fv2%2Ftags&post=14519"}],"curies":[{"name":"wp","href":"https:\/\/api.w.org\/{rel}","templated":true}]}}