{"id":14513,"date":"2023-10-22T23:06:52","date_gmt":"2023-10-22T23:06:52","guid":{"rendered":"https:\/\/www.notiflashmexiquense.com.mx\/?p=14513"},"modified":"2023-10-22T23:06:52","modified_gmt":"2023-10-22T23:06:52","slug":"buscan-desincorporacion-de-predio-tercermundo-para-regularizar-tenencia-de-la-tierra","status":"publish","type":"post","link":"https:\/\/www.notiflashmexiquense.com.mx\/?p=14513","title":{"rendered":"BUSCAN DESINCORPORACI\u00d3N DE PREDIO \u2018TERCERMUNDO\u2019 PARA REGULARIZAR TENENCIA DE LA TIERRA"},"content":{"rendered":"\n<ul class=\"wp-block-list\">\n<li>En sesi\u00f3n de Cabildo tambi\u00e9n se aprob\u00f3 modificar la denominaci\u00f3n del fraccionamiento Crist\u00f3bal Col\u00f3n a Lomas Verdes.<\/li>\n<\/ul>\n\n\n\n<p>Con el fin de regularizar la tenencia de la tierra y dar seguridad jur\u00eddica a 109 familias en el predio conocido como \u2018Tercer Mundo\u2019, el gobierno de Naucalpan solicitar\u00e1 su desincorporaci\u00f3n del patrimonio estatal a favor del municipio.<\/p>\n\n\n\n<p>Los integrantes del Cuerpo Edilicio aprobaron por unanimidad durante la 82 Sesi\u00f3n Ordinaria de Cabildo, solicitar a la gobernadora del Estado de M\u00e9xico que, a trav\u00e9s de la Secretar\u00eda de Finanzas, se solicite a la legislatura local que dicho predio se desincorpore del patrimonio estatal en beneficio del municipio.<\/p>\n\n\n\n<p>Los ediles destacaron que mediante la desincorporaci\u00f3n se podr\u00e1 llevar a cabo la regularizaci\u00f3n de la tenencia de la tierra en beneficio de los posesionarios, mediante la figura jur\u00eddica de Juicios Sumarios de Usucapi\u00f3n, lo cual es una petici\u00f3n de los habitantes desde hace tiempo.<\/p>\n\n\n\n<p>Cabe se\u00f1alar que por Decreto del Ejecutivo Estatal del 9 de febrero de 1979 fue creado el Parque Estatal Metropolitano de Naucalpan. En 1986, la Direcci\u00f3n General de Desarrollo Urbano y Vivienda autoriz\u00f3 la fusi\u00f3n y subdivisi\u00f3n de los pol\u00edgonos \u2018E\u2019 y \u2018F\u2019 del Parque Metropolitano de Naucalpan, y resultaron las fracciones I, II, III y IV; en la fracci\u00f3n III se encuentra asentado el predio denominado \u2018El Tercer Mundo\u2019.<\/p>\n\n\n\n<p>Personas que habitaban los lotes I y II, donde se construy\u00f3 el \u201cMega Soriana\u201d, fueron reubicadas en el \u2018Tercer Mundo\u2019, que fue consolid\u00e1ndose como asentamiento irregular.<\/p>\n\n\n\n<p>En el a\u00f1o 2007, la Comisi\u00f3n Estatal de Parques Naturales y de la Fauna (CEPANAF) realiz\u00f3 un estudio t\u00e9cnico justificativo para la desincorporaci\u00f3n de dicho predio, donde determin\u00f3 que hoy en d\u00eda ya no cumple el fin del Parque Estatal Metropolitano y que el \u00e1rea protegida fue desplazada con el paso del tiempo por la continua urbanizaci\u00f3n.<\/p>\n\n\n\n<p>En la misma sesi\u00f3n se aprob\u00f3 modificar la denominaci\u00f3n del fraccionamiento residencial Crist\u00f3bal Col\u00f3n a fraccionamiento residencial Lomas Verdes, con lo que se da respuesta a una petici\u00f3n vecinal que se present\u00f3 el pasado 10 de junio en el programa \u2018Martes Ciudadano\u2019.<\/p>\n\n\n\n<p>Los habitantes de la comunidad, integrada por 103 viviendas, argumentaron que, en sus escrituras, recibos del impuesto predial y agua, credenciales de elector est\u00e1n referenciados con domicilio en Lomas Verdes, por lo que consideraron importante que se les reconozca oficialmente de esta manera, toda vez que en el Bando Municipal el fraccionamiento aparece referenciado como Crist\u00f3bal Col\u00f3n.<\/p>\n","protected":false},"excerpt":{"rendered":"<p>Con el fin de regularizar la tenencia de la tierra y dar seguridad jur&iacute;dica a&#8230;<\/p>\n","protected":false},"author":1,"featured_media":14514,"comment_status":"closed","ping_status":"closed","sticky":false,"template":"","format":"standard","meta":{"footnotes":""},"categories":[45],"tags":[],"class_list":["post-14513","post","type-post","status-publish","format-standard","has-post-thumbnail","hentry","category-atizapan-de-zaragoza"],"_links":{"self":[{"href":"https:\/\/www.notiflashmexiquense.com.mx\/index.php?rest_route=\/wp\/v2\/posts\/14513","targetHints":{"allow":["GET"]}}],"collection":[{"href":"https:\/\/www.notiflashmexiquense.com.mx\/index.php?rest_route=\/wp\/v2\/posts"}],"about":[{"href":"https:\/\/www.notiflashmexiquense.com.mx\/index.php?rest_route=\/wp\/v2\/types\/post"}],"author":[{"embeddable":true,"href":"https:\/\/www.notiflashmexiquense.com.mx\/index.php?rest_route=\/wp\/v2\/users\/1"}],"replies":[{"embeddable":true,"href":"https:\/\/www.notiflashmexiquense.com.mx\/index.php?rest_route=%2Fwp%2Fv2%2Fcomments&post=14513"}],"version-history":[{"count":1,"href":"https:\/\/www.notiflashmexiquense.com.mx\/index.php?rest_route=\/wp\/v2\/posts\/14513\/revisions"}],"predecessor-version":[{"id":14515,"href":"https:\/\/www.notiflashmexiquense.com.mx\/index.php?rest_route=\/wp\/v2\/posts\/14513\/revisions\/14515"}],"wp:featuredmedia":[{"embeddable":true,"href":"https:\/\/www.notiflashmexiquense.com.mx\/index.php?rest_route=\/wp\/v2\/media\/14514"}],"wp:attachment":[{"href":"https:\/\/www.notiflashmexiquense.com.mx\/index.php?rest_route=%2Fwp%2Fv2%2Fmedia&parent=14513"}],"wp:term":[{"taxonomy":"category","embeddable":true,"href":"https:\/\/www.notiflashmexiquense.com.mx\/index.php?rest_route=%2Fwp%2Fv2%2Fcategories&post=14513"},{"taxonomy":"post_tag","embeddable":true,"href":"https:\/\/www.notiflashmexiquense.com.mx\/index.php?rest_route=%2Fwp%2Fv2%2Ftags&post=14513"}],"curies":[{"name":"wp","href":"https:\/\/api.w.org\/{rel}","templated":true}]}}