{"id":14505,"date":"2023-10-22T02:00:04","date_gmt":"2023-10-22T02:00:04","guid":{"rendered":"https:\/\/www.notiflashmexiquense.com.mx\/?p=14505"},"modified":"2023-10-22T02:01:29","modified_gmt":"2023-10-22T02:01:29","slug":"fiscalia-edomex-semar-y-policia-de-atizapan-detuvieron-a-12-individuos-6-de-ellos-de-nacionalidad-colombiana-presuntos-integrantes-de-grupo-delictivo-dedicado-al-robo-a-casa-habitacion","status":"publish","type":"post","link":"https:\/\/www.notiflashmexiquense.com.mx\/?p=14505","title":{"rendered":"FISCAL\u00cdA EDOM\u00c9X, SEMAR Y POLIC\u00cdA DE ATIZAP\u00c1N DETUVIERON A 12 INDIVIDUOS, 6 DE ELLOS DE NACIONALIDAD COLOMBIANA, PRESUNTOS INTEGRANTES DE GRUPO DELICTIVO DEDICADO AL ROBO A CASA HABITACI\u00d3N"},"content":{"rendered":"\n<p>Los detenidos presuntamente est\u00e1n relacionados al menos con dos robos a casa habitaci\u00f3n registrados en el municipio de Atizap\u00e1n de Zaragoza. Por uno de estos il\u00edcitos se les cumpliment\u00f3 orden de aprehensi\u00f3n y fueron ingresados al Penal de Tlalnepantla<\/p>\n\n\n\n<p>Atizap\u00e1n de Zaragoza, Estado de M\u00e9xico, 21 de octubre de 2023.- Resultado de una acci\u00f3n conjunta, agentes de la Fiscal\u00eda General de Justicia estatal (FGJEM), de la Secretar\u00eda de Marina (SEMAR) y de la polic\u00eda de este municipio, detuvieron a 12 personas que, al parecer conforman un grupo delictivo dedicado al robo a casa habitaci\u00f3n con violencia, tanto en municipios mexiquenses como en el estado de Quer\u00e9taro. Entre los detenidos hay 6 sujetos de nacionalidad colombiana.<\/p>\n\n\n\n<p>Como parte de las acciones de investigaci\u00f3n llevadas a cabo por personal de la Fiscal\u00eda mexiquense en coordinaci\u00f3n con la Unidad de Inteligencia Naval y personal de SEMAR comisionados en el municipio de Atizap\u00e1n, en relaci\u00f3n a diversos robos a casa habitaci\u00f3n perpetrados durante el mes de septiembre pasado en Atizap\u00e1n de Zaragoza, fue posible identificar a un grupo de individuos que presuntamente habr\u00edan participado en los hechos, as\u00ed como dos veh\u00edculos al parecer utilizados en la comisi\u00f3n de estos il\u00edcitos, por lo que, se dio seguimiento t\u00e9cnico a dichas unidades automotoras, y fue posible ubicar su probable zona de operaci\u00f3n y movilidad.<\/p>\n\n\n\n<p>Con la informaci\u00f3n recabada, elementos de esta Instituci\u00f3n, en conjunto con personal de la Secretar\u00eda de Marina llevaron a cabo acciones operativas que permitieron, en conjunto con la polic\u00eda municipal de Atizap\u00e1n, la detenci\u00f3n de Enrique \u201cN\u201d, Jorge \u201cN\u201d, Mauricio \u201cN\u201d, Laura \u201cN\u201d, Sara \u201cN\u201d y Vanesa \u201cN\u201d, as\u00ed como de seis sujetos de nacionalidad colombiana, identificados como Roberto \u201cN\u201d, Anderson Steven \u201cN\u201d, Jos\u00e9 Sebasti\u00e1n \u201cN\u201d, Luis Fernando \u201cN\u201d, Marvin Santiago \u201cN\u201d y Cristian \u201cN\u201d, los cuales fueron puestos a disposici\u00f3n del Ministerio P\u00fablico.<\/p>\n\n\n\n<p>Asimismo, en un despliegue realizado por la SEMAR y la Fiscal\u00eda Edom\u00e9x, se aseguraron 4 veh\u00edculos, 6 equipos de radiocomunicaci\u00f3n, un dron, ropa t\u00e1ctica y envoltorios con narc\u00f3ticos, por lo que fueron trasladados al Centro de Justicia a disposici\u00f3n del Agente del Ministerio P\u00fablico.<\/p>\n\n\n\n<p>De acuerdo a las indagatorias llevadas a cabo por esta Fiscal\u00eda mexiquense, fue posible determinar que los detenidos conformaban un grupo delictivo dedicado al robo a casa habitaci\u00f3n con violencia; hasta el momento son investigados por dos il\u00edcitos de este tipo, perpetrados en la entidad mexiquense, pero no se descarta que est\u00e9n involucrados en otros hechos de naturaleza similar.<\/p>\n\n\n\n<p>Los detenidos fueron identificados por una de las v\u00edctimas, a quienes reconoci\u00f3 como los que el 1 de septiembre ingresaron a su casa habitaci\u00f3n en Atizap\u00e1n de Zaragoza, donde golpearon y amagaron a un habitante para sustraer del lugar equipos de c\u00f3mputo, celulares, relojes y art\u00edculos de joyer\u00eda; por lo que, tras cometer el robo huyeron del lugar.<\/p>\n\n\n\n<p>Por este hecho delictivo, el Ministerio P\u00fablico obtuvo de la Autoridad Judicial orden de aprehensi\u00f3n contra los detenidos, mandamiento judicial que fue cumplimentado por elementos de la Polic\u00eda de Investigaci\u00f3n, quienes en las primeras horas de este 20 de octubre, los ingresaron al Centro Penitenciario y de Reinserci\u00f3n Social de Tlalnepantla.<\/p>\n\n\n\n<p>Asimismo, con las investigaciones realizadas hasta este momento, esta Instituci\u00f3n logr\u00f3 ubicar un domicilio en el estado de Hidalgo, por lo que solicit\u00f3 la colaboraci\u00f3n de la Procuradur\u00eda General de Justicia de esa entidad para ejecutar t\u00e9cnica de investigaci\u00f3n de cateo en dicho inmueble, para obtener indicios relacionados con los hechos.<\/p>\n\n\n\n<p>As\u00ed tambi\u00e9n de los actos de investigaci\u00f3n se obtuvo que realizaron robos en el estado de Quer\u00e9taro, por lo que la Fiscal\u00eda mexiquense entabl\u00f3 comunicaci\u00f3n con la Fiscal\u00eda General de esa entidad federativa. La Fiscal\u00eda de ese Estado ubic\u00f3 dos investigaciones por robo a casa habitaci\u00f3n y logr\u00f3 que las v\u00edctimas identificaran a seis de los detenidos en uno de estos il\u00edcitos y a otros tres implicados en otro robo de este tipo.<\/p>\n\n\n\n<p>Como parte de los datos recabados durante la investigaci\u00f3n se obtuvo adem\u00e1s informaci\u00f3n de que los detenidos son investigados en Colombia por diversos hechos delictivos.<\/p>\n\n\n\n<p>A los detenidos se les debe considerar inocentes hasta que sea dictada una sentencia condenatoria en su contra.<\/p>\n\n\n\n<p>La Fiscal\u00eda General de Justicia del Estado de M\u00e9xico pone a disposici\u00f3n de la ciudadan\u00eda el correo electr\u00f3nico cerotolerancia@fiscaliaedomex.gob.mx, el n\u00famero telef\u00f3nico 800 7028770, o bien, la aplicaci\u00f3n FGJEdomex, la cual est\u00e1 disponible de manera gratuita para los tel\u00e9fonos inteligentes de los sistemas iOS y Android, para que, en caso de reconocer a alguno de estos individuos como posibles implicados en otros hechos delictivos, los denuncie.<\/p>\n\n\n\n<p>oo0oo<\/p>\n","protected":false},"excerpt":{"rendered":"<p>Los detenidos presuntamente est&aacute;n relacionados al menos con dos robos a casa habitaci&oacute;n registrados en&#8230;<\/p>\n","protected":false},"author":1,"featured_media":14508,"comment_status":"closed","ping_status":"closed","sticky":false,"template":"","format":"standard","meta":{"footnotes":""},"categories":[73],"tags":[],"class_list":["post-14505","post","type-post","status-publish","format-standard","has-post-thumbnail","hentry","category-fgjem"],"_links":{"self":[{"href":"https:\/\/www.notiflashmexiquense.com.mx\/index.php?rest_route=\/wp\/v2\/posts\/14505","targetHints":{"allow":["GET"]}}],"collection":[{"href":"https:\/\/www.notiflashmexiquense.com.mx\/index.php?rest_route=\/wp\/v2\/posts"}],"about":[{"href":"https:\/\/www.notiflashmexiquense.com.mx\/index.php?rest_route=\/wp\/v2\/types\/post"}],"author":[{"embeddable":true,"href":"https:\/\/www.notiflashmexiquense.com.mx\/index.php?rest_route=\/wp\/v2\/users\/1"}],"replies":[{"embeddable":true,"href":"https:\/\/www.notiflashmexiquense.com.mx\/index.php?rest_route=%2Fwp%2Fv2%2Fcomments&post=14505"}],"version-history":[{"count":1,"href":"https:\/\/www.notiflashmexiquense.com.mx\/index.php?rest_route=\/wp\/v2\/posts\/14505\/revisions"}],"predecessor-version":[{"id":14507,"href":"https:\/\/www.notiflashmexiquense.com.mx\/index.php?rest_route=\/wp\/v2\/posts\/14505\/revisions\/14507"}],"wp:featuredmedia":[{"embeddable":true,"href":"https:\/\/www.notiflashmexiquense.com.mx\/index.php?rest_route=\/wp\/v2\/media\/14508"}],"wp:attachment":[{"href":"https:\/\/www.notiflashmexiquense.com.mx\/index.php?rest_route=%2Fwp%2Fv2%2Fmedia&parent=14505"}],"wp:term":[{"taxonomy":"category","embeddable":true,"href":"https:\/\/www.notiflashmexiquense.com.mx\/index.php?rest_route=%2Fwp%2Fv2%2Fcategories&post=14505"},{"taxonomy":"post_tag","embeddable":true,"href":"https:\/\/www.notiflashmexiquense.com.mx\/index.php?rest_route=%2Fwp%2Fv2%2Ftags&post=14505"}],"curies":[{"name":"wp","href":"https:\/\/api.w.org\/{rel}","templated":true}]}}