{"id":14492,"date":"2023-10-21T02:27:37","date_gmt":"2023-10-21T02:27:37","guid":{"rendered":"https:\/\/www.notiflashmexiquense.com.mx\/?p=14492"},"modified":"2023-10-21T02:27:37","modified_gmt":"2023-10-21T02:27:37","slug":"entrega-la-gobernadora-delfina-gomez-alvarez-basificaciones-al-magisterio-mexiquense","status":"publish","type":"post","link":"https:\/\/www.notiflashmexiquense.com.mx\/?p=14492","title":{"rendered":"Entrega la Gobernadora Delfina G\u00f3mez \u00c1lvarez basificaciones al magisterio mexiquense\u00a0"},"content":{"rendered":"\n<ul class=\"wp-block-list\">\n<li><em>Mil 539 docentes del Subsistema Educativo Federalizado 2023 recibieron su nombramiento.<\/em><\/li>\n<\/ul>\n\n\n\n<ul class=\"wp-block-list\">\n<li><em>Asegur\u00f3 la Maestra Delfina G\u00f3mez que estas acciones son impulsadas por el Presidente de M\u00e9xico, Andr\u00e9s Manuel L\u00f3pez Obrador.<\/em><\/li>\n<\/ul>\n\n\n\n<ul class=\"wp-block-list\">\n<li><em>\u201cSi\u00e9ntanse orgullosos, esto no es un regalo, esto no es un acto de buena voluntad, es un acto de justicia que ya merec\u00edan ustedes\u201d, expres\u00f3 la Mandataria estatal.<\/em><\/li>\n<\/ul>\n\n\n\n<p>&nbsp;<br><strong>TLALNEPANTLA,<\/strong>&nbsp;Estado de M\u00e9xico.- La participaci\u00f3n de las maestras y los maestros es fundamental, no s\u00f3lo para impartir conocimiento a ni\u00f1as, ni\u00f1os y adolescentes, sino para transformar conciencias, subray\u00f3 la Gobernadora del Estado de M\u00e9xico, Delfina G\u00f3mez \u00c1lvarez, al realizar la entrega de mil 539 basificaciones del Subsistema Educativo Federalizado 2023 a los docentes.<br>&nbsp;<br>\u201cSi\u00e9ntanse orgullosos, esto no es un regalo, esto no es un acto de buena voluntad, es un acto de justicia que ya merec\u00edan ustedes\u201d, recalc\u00f3.<br>&nbsp;<br>Durante la ceremonia realizada en el Centro Cultural de la Secci\u00f3n 36 Valle de M\u00e9xico, del Sindicato Nacional de Trabajadores de la Educaci\u00f3n (SNTE), destac\u00f3 el inter\u00e9s del Presidente de M\u00e9xico, Andr\u00e9s Manuel L\u00f3pez Obrador, por mejorar las condiciones laborales del magisterio.<br>&nbsp;<br>Porque sin duda alguna, adem\u00e1s atender la infraestructura educativa, los materiales, planes y programas, las becas para los estudiantes, sin duda alguna, dec\u00eda el Presidente, la prioridad y lo principal, son nuestras maestras y maestros.<br>&nbsp;<br>\u201cEsta basificaci\u00f3n no es producto de un d\u00eda a otro, sino de muchas semanas de ver c\u00f3mo se puede agilizar el pago, de d\u00f3nde se saca el recurso, porque hablar de casi un mill\u00f3n de maestros, quiere decir que ese mill\u00f3n cu\u00e1ntos a\u00f1os estuvieron esperando pacientemente y con muchas limitaciones, yo dir\u00eda que hasta ten\u00edan que pagar por trabajar, pero algo que los motivaba era esa vocaci\u00f3n\u201d, manifest\u00f3.<br>&nbsp;<br>La Mandataria estatal afirm\u00f3 que \u201cpor eso es uno de los factores que toma muy en cuenta nuestro Presidente y por el que se decide a hacer este trabajo de basificaci\u00f3n y tambi\u00e9n de dignificaci\u00f3n\u201d.<br>&nbsp;<br>La Gobernadora Delfina G\u00f3mez \u00c1lvarez resalt\u00f3 la participaci\u00f3n e impulso que dieron los l\u00edderes sindicales en este proceso y acto de justicia en beneficio de los docentes, principalmente del Estado de M\u00e9xico pues, se\u00f1al\u00f3, las maestras y los maestros son fundamentales, porque abren una ventana de oportunidades para ni\u00f1as, ni\u00f1os, adolescentes y j\u00f3venes.<br>&nbsp;<br>La Gobernadora del Estado de M\u00e9xico inst\u00f3 a las autoridades correspondientes a que no limiten el derecho de uso de los libros de texto gratuitos, que son materiales producto del trabajo y del esfuerzo de los maestros.<br>&nbsp;<br>Por su parte, Miguel \u00c1ngel Hern\u00e1ndez Espejel, Secretario de Educaci\u00f3n, Ciencia, Tecnolog\u00eda e Innovaci\u00f3n, indic\u00f3 que la entrega de estos m\u00e1s de mil 500 nombramientos, se otorgan a docentes por sus m\u00e9ritos, vocaci\u00f3n, convicci\u00f3n profesional y capacidad magisterial, quienes ahora tendr\u00e1n estabilidad y certeza laboral, al incorporarse al sistema educativo m\u00e1s grande del pa\u00eds por su matr\u00edcula, calidad, preparaci\u00f3n y entrega de sus docentes.<br>&nbsp;<br>Durante su intervenci\u00f3n, Alfonso Cepeda Salas, Secretario General del SNTE, se\u00f1al\u00f3 que uno de los primeros planteamientos que el sector magisterial realiz\u00f3 con el Presidente de M\u00e9xico, Andr\u00e9s Manuel L\u00f3pez Obrador, fue el tema de la basificaci\u00f3n de docentes que se encontraban como maestros interinos, por honorarios y compensaci\u00f3n, situaci\u00f3n que no les permit\u00eda contar con derechos y seguridad social.<br>&nbsp;<br>Al respecto, dijo, este compromiso se ha cumplido a cabalidad, logrando la basificaci\u00f3n de m\u00e1s de 950 mil maestros, acto que calific\u00f3 como hist\u00f3rico y de justicia laboral.<br>&nbsp;<br>En tanto, Adela Pi\u00f1a Bernal, titular de la Unidad del Sistema para la Carrera de las Maestras y Maestros (Usicamm), destac\u00f3 que a un mes de gesti\u00f3n estatal, el Gobierno de la Maestra Delfina G\u00f3mez \u00c1lvarez ha comenzado con la basificaci\u00f3n de miles de maestros mexiquenses, por lo cual record\u00f3 que ya se han entregado 600 nombramientos definitivos que se suman a los mil 539 entregados en esta ocasi\u00f3n, lo que suma 2 mil 139 docentes basificados.<br>&nbsp;<br>A trav\u00e9s del trabajo en conjunto entre los distintos \u00f3rdenes de gobierno, sindicatos y autoridades educativas, es que ahora se garantiza la estabilidad laboral que necesitan y merecen quienes forman a las nuevas y futuras generaciones.<br>&nbsp;<br>Al evento asistieron Oscar Flores Jim\u00e9nez, titular de la Unidad de Administraci\u00f3n y Finanzas de la SEP; Marco Antonio Rodr\u00edguez Hurtado, Presidente Municipal de Tlalnepantla; M\u00f3nica Granillo Velazco, Diputada local; y Magdaleno Reyes \u00c1ngeles, Director General de Servicios Educativos Integrados al Estado de M\u00e9xico.<br>&nbsp;<br>As\u00ed como Rigoberto Vargas Cervantes y Eliud Terrazas Ceballos, Secretarios Generales de las Secciones 36 y 17 del SNTE, respectivamente.<br>&nbsp;<\/p>\n","protected":false},"excerpt":{"rendered":"<p>&nbsp;TLALNEPANTLA,&nbsp;Estado de M&eacute;xico.- La participaci&oacute;n de las maestras y los maestros es fundamental, no s&oacute;lo&#8230;<\/p>\n","protected":false},"author":1,"featured_media":14493,"comment_status":"closed","ping_status":"closed","sticky":false,"template":"","format":"standard","meta":{"footnotes":""},"categories":[69],"tags":[],"class_list":["post-14492","post","type-post","status-publish","format-standard","has-post-thumbnail","hentry","category-gobierno-del-estado-de-mexico"],"_links":{"self":[{"href":"https:\/\/www.notiflashmexiquense.com.mx\/index.php?rest_route=\/wp\/v2\/posts\/14492","targetHints":{"allow":["GET"]}}],"collection":[{"href":"https:\/\/www.notiflashmexiquense.com.mx\/index.php?rest_route=\/wp\/v2\/posts"}],"about":[{"href":"https:\/\/www.notiflashmexiquense.com.mx\/index.php?rest_route=\/wp\/v2\/types\/post"}],"author":[{"embeddable":true,"href":"https:\/\/www.notiflashmexiquense.com.mx\/index.php?rest_route=\/wp\/v2\/users\/1"}],"replies":[{"embeddable":true,"href":"https:\/\/www.notiflashmexiquense.com.mx\/index.php?rest_route=%2Fwp%2Fv2%2Fcomments&post=14492"}],"version-history":[{"count":1,"href":"https:\/\/www.notiflashmexiquense.com.mx\/index.php?rest_route=\/wp\/v2\/posts\/14492\/revisions"}],"predecessor-version":[{"id":14494,"href":"https:\/\/www.notiflashmexiquense.com.mx\/index.php?rest_route=\/wp\/v2\/posts\/14492\/revisions\/14494"}],"wp:featuredmedia":[{"embeddable":true,"href":"https:\/\/www.notiflashmexiquense.com.mx\/index.php?rest_route=\/wp\/v2\/media\/14493"}],"wp:attachment":[{"href":"https:\/\/www.notiflashmexiquense.com.mx\/index.php?rest_route=%2Fwp%2Fv2%2Fmedia&parent=14492"}],"wp:term":[{"taxonomy":"category","embeddable":true,"href":"https:\/\/www.notiflashmexiquense.com.mx\/index.php?rest_route=%2Fwp%2Fv2%2Fcategories&post=14492"},{"taxonomy":"post_tag","embeddable":true,"href":"https:\/\/www.notiflashmexiquense.com.mx\/index.php?rest_route=%2Fwp%2Fv2%2Ftags&post=14492"}],"curies":[{"name":"wp","href":"https:\/\/api.w.org\/{rel}","templated":true}]}}