{"id":14489,"date":"2023-10-21T02:01:18","date_gmt":"2023-10-21T02:01:18","guid":{"rendered":"https:\/\/www.notiflashmexiquense.com.mx\/?p=14489"},"modified":"2023-10-21T02:01:19","modified_gmt":"2023-10-21T02:01:19","slug":"paseaban-en-motocicletas-robadas-pero-fueron-identificados-por-una-de-sus-victimas","status":"publish","type":"post","link":"https:\/\/www.notiflashmexiquense.com.mx\/?p=14489","title":{"rendered":"PASEABAN EN MOTOCICLETAS ROBADAS, PERO FUERON IDENTIFICADOS POR UNA DE SUS V\u00cdCTIMAS"},"content":{"rendered":"\n<p>Un hombre fue detenido en la colonia San Rafael Chamapa Cuarta Secci\u00f3n cuando, junto con otro sujeto, paseaban en dos motocicletas robadas, ya que una de ellas fue identificada por su propietario al pasar frente a \u00e9l, por lo que pidi\u00f3 apoyo de polic\u00edas municipales de Naucalpan para recuperarla.<\/p>\n\n\n\n<p>Elementos de la Direcci\u00f3n General de Seguridad Ciudadana y Movilidad Segura patrullaban dicha comunidad, cuando en el cruce de calle Prolongaci\u00f3n Morelos y Calzada Diagonal un joven de 20 a\u00f1os les solicit\u00f3 auxilio, al ver que una de las motocicletas en las que viajaban dos sujetos era la que le fue robada un d\u00eda anterior.<\/p>\n\n\n\n<p>Los polic\u00edas municipales iniciaron la persecuci\u00f3n de las motocicletas Yamaha, una de ellas rojo con negro y la otra FZ 2.0 roja con blanco, esta \u00faltima propiedad de la v\u00edctima, por lo que metros adelante interceptaron al primer veh\u00edculo y detuvieron al conductor, sin embargo, el otro sujeto logr\u00f3 darse a la fuga.<\/p>\n\n\n\n<p>El afectado reconoci\u00f3 al detenido como uno de los dos hombres que lo amagaron y lo despojaron de su motocicleta, sin embargo, el sujeto que logr\u00f3 huir iba a bordo del veh\u00edculo de la v\u00edctima.<\/p>\n\n\n\n<p>La motocicleta asegurada ten\u00eda placas sobrepuestas y al consultar en Plataforma M\u00e9xico el N\u00famero de Identificaci\u00f3n Vehicular (NIV) result\u00f3 que tambi\u00e9n ten\u00eda reporte de robo.<\/p>\n\n\n\n<p>El sospechoso, Johan \u2018N\u2019, fue presentado ante el Ministerio P\u00fablico, donde se inici\u00f3 una carpeta de investigaci\u00f3n por su probable participaci\u00f3n en el delito de robo de veh\u00edculo automotor con violencia.<\/p>\n\n\n\n<p>En otra acci\u00f3n, polic\u00edas municipales recuperaron una motocicleta Honda CB190R blanco con rojo, robada con violencia en la colonia Lomas de San Agust\u00edn, luego de que su propietario la encontr\u00f3 estacionada en calle Santa Elena, colonia Santa Lilia Chamapa.<\/p>\n\n\n\n<p>Tambi\u00e9n fueron recuperados los veh\u00edculos Dodge Journey, abandonado en la colonia Tierra y Libertad, y Renault Kangoo, hallado en San Rafael Chamapa Primera Secci\u00f3n, ambos con reporte de robo; as\u00ed como un autom\u00f3vil Mazda, que fue robado en la colonia \u00c1lamos y localizado con el rastreador satelital en San Mateo, el cual fue devuelto a su propietario, toda vez que a\u00fan no iniciaba la denuncia correspondiente. Los otros veh\u00edculos fueron presentados ante el Ministerio P\u00fablico especializado.<\/p>\n","protected":false},"excerpt":{"rendered":"<p>Un hombre fue detenido en la colonia San Rafael Chamapa Cuarta Secci&oacute;n cuando, junto con&#8230;<\/p>\n","protected":false},"author":1,"featured_media":14490,"comment_status":"closed","ping_status":"closed","sticky":false,"template":"","format":"standard","meta":{"footnotes":""},"categories":[45],"tags":[],"class_list":["post-14489","post","type-post","status-publish","format-standard","has-post-thumbnail","hentry","category-atizapan-de-zaragoza"],"_links":{"self":[{"href":"https:\/\/www.notiflashmexiquense.com.mx\/index.php?rest_route=\/wp\/v2\/posts\/14489","targetHints":{"allow":["GET"]}}],"collection":[{"href":"https:\/\/www.notiflashmexiquense.com.mx\/index.php?rest_route=\/wp\/v2\/posts"}],"about":[{"href":"https:\/\/www.notiflashmexiquense.com.mx\/index.php?rest_route=\/wp\/v2\/types\/post"}],"author":[{"embeddable":true,"href":"https:\/\/www.notiflashmexiquense.com.mx\/index.php?rest_route=\/wp\/v2\/users\/1"}],"replies":[{"embeddable":true,"href":"https:\/\/www.notiflashmexiquense.com.mx\/index.php?rest_route=%2Fwp%2Fv2%2Fcomments&post=14489"}],"version-history":[{"count":1,"href":"https:\/\/www.notiflashmexiquense.com.mx\/index.php?rest_route=\/wp\/v2\/posts\/14489\/revisions"}],"predecessor-version":[{"id":14491,"href":"https:\/\/www.notiflashmexiquense.com.mx\/index.php?rest_route=\/wp\/v2\/posts\/14489\/revisions\/14491"}],"wp:featuredmedia":[{"embeddable":true,"href":"https:\/\/www.notiflashmexiquense.com.mx\/index.php?rest_route=\/wp\/v2\/media\/14490"}],"wp:attachment":[{"href":"https:\/\/www.notiflashmexiquense.com.mx\/index.php?rest_route=%2Fwp%2Fv2%2Fmedia&parent=14489"}],"wp:term":[{"taxonomy":"category","embeddable":true,"href":"https:\/\/www.notiflashmexiquense.com.mx\/index.php?rest_route=%2Fwp%2Fv2%2Fcategories&post=14489"},{"taxonomy":"post_tag","embeddable":true,"href":"https:\/\/www.notiflashmexiquense.com.mx\/index.php?rest_route=%2Fwp%2Fv2%2Ftags&post=14489"}],"curies":[{"name":"wp","href":"https:\/\/api.w.org\/{rel}","templated":true}]}}