{"id":14482,"date":"2023-10-21T00:55:30","date_gmt":"2023-10-21T00:55:30","guid":{"rendered":"https:\/\/www.notiflashmexiquense.com.mx\/?p=14482"},"modified":"2023-10-21T00:55:31","modified_gmt":"2023-10-21T00:55:31","slug":"se-consolida-atizapan-de-zaragoza-como-el-municipio-mas-seguro-del-edomex-inegi","status":"publish","type":"post","link":"https:\/\/www.notiflashmexiquense.com.mx\/?p=14482","title":{"rendered":"SE CONSOLIDA ATIZAP\u00c1N DE ZARAGOZA COMO EL MUNICIPIO M\u00c1S SEGURO DEL EDOMEX: INEGI"},"content":{"rendered":"\n<p>La percepci\u00f3n de inseguridad en Atizap\u00e1n de Zaragoza sigue a la baja, lo que lo mantiene como el municipio m\u00e1s seguro del Estado de M\u00e9xico, de acuerdo con la Encuesta de Seguridad P\u00fablica Urbana (ENSU) correspondiente al tercer trimestre del a\u00f1o, publicada ayer por el Instituto de Estad\u00edstica y Geograf\u00eda (INEGI), que revela que del 61.7% registrado en junio de este a\u00f1o pas\u00f3 a 56.4% en septiembre, es decir, 5.3 puntos porcentuales menos que el trimestre inmediato anterior.<\/p>\n\n\n\n<p>Adem\u00e1s de que el 56.4% posiciona a la demarcaci\u00f3n por debajo del promedio nacional, que es de 61.4%, el Gobierno municipal que encabeza el Alcalde Pedro Rodr\u00edguez Villegas ha disminuido la percepci\u00f3n de inseguridad en un 18.6% en 21 meses ya que, en enero de 2022, cuando comenz\u00f3 su Administraci\u00f3n, se encontraba en 75%.<\/p>\n\n\n\n<p>Como parte de la estrategia de seguridad implementada Atizap\u00e1n de Zaragoza por la Direcci\u00f3n de Seguridad P\u00fablica y Tr\u00e1nsito, a cargo de Fabi\u00e1n Ricardo G\u00f3mez Calc\u00e1neo, a trav\u00e9s de acciones como el Plan de Vigilancia Comunitaria por Cuadrantes, reconocido por instancias nacionales e internacionales, en el trimestre evaluado, destacan acciones como la entrega de 50,000 ejemplares del Manual de Prevenci\u00f3n Situacional del Delito en escuelas, colonias y centros comerciales, un documento que comparte consejos y sugerencias para que la ciudadan\u00eda pueda prevenir y evitar situaciones de riesgo, saber c\u00f3mo actuar ante la comisi\u00f3n de hecho delictivo, adem\u00e1s de fomentar la denuncia.<\/p>\n\n\n\n<p>Otra medida de seguridad que se puso en marcha en Atizap\u00e1n de Zaragoza este a\u00f1o es el programa Blindaje Esmeralda, que fortalece la seguridad en plazas comerciales y negocios, inicialmente en la Zona Esmeralda, y con miras a establecerlo en la Central de Abasto Las Bodegas y el resto de las zonas comerciales de la demarcaci\u00f3n.<\/p>\n\n\n\n<p>Adem\u00e1s, destaca la entrega de 2,602 uniformes de la marca 5.11, 320 chalecos bal\u00edsticos y 640 placas bal\u00edsticas para dignificar a los elementos policiacos, aunado a la capacitaci\u00f3n permanente para las y los oficiales, aumentos de salario, de grados y la entrega de equipamiento.<\/p>\n\n\n\n<p>En total, en lo que va de la Administraci\u00f3n, en Atizap\u00e1n de Zaragoza han sido entregados 5,322 uniformes de la misma marca y calidad y dos pares de botas por cada polic\u00eda. Sobre chalecos y placas bal\u00edsticas, entre el a\u00f1o pasado y lo que va del actual se han dado 672 y 1,344, respectivamente.<\/p>\n\n\n\n<p>Y para fortalecer las labores de seguridad p\u00fablica y tr\u00e1nsito en el municipio, principalmente en zonas comerciales y bancarias, as\u00ed como lugares de dif\u00edcil acceso como barrancas, zonas altas o callejones, se entregaron 15 motocicletas a elementos de la corporaci\u00f3n policiaca, que se suman a las 163 nuevas patrullas que fueron entregadas el a\u00f1o pasado, con lo que hay 249 en operaci\u00f3n.<\/p>\n\n\n\n<p>El trabajo realizado por la Polic\u00eda municipal no s\u00f3lo ha tenido resultados que se reflejan en la ENSU.<\/p>\n\n\n\n<p>En agosto, el Presidente Municipal Pedro Rodr\u00edguez Villegas y el Comisario G\u00f3mez Calc\u00e1neo recibieron un reconocimiento por parte de la Comisi\u00f3n de Marina de la C\u00e1mara de Diputados por los resultados que Atizap\u00e1n de Zaragoza ha tenido en materia de seguridad y el modelo policial que actualmente incluye a elementos de la Marina Armada de M\u00e9xico en labores de seguridad p\u00fablica, principalmente en materia de inteligencia, generaci\u00f3n de estad\u00edsticas delictivas y direcci\u00f3n estrat\u00e9gica.<\/p>\n\n\n\n<p>Finalmente, la Polic\u00eda atizapense ha participado en detenciones de alto impacto, incluso reconocidas en la Conferencia Prensa Matutina de Palacio Nacional, como la de Norberto \u201cN\u201d, considerado el principal operador financiero del grupo criminal de Los Beltr\u00e1n Leyva.<\/p>\n\n\n\n<p>Esto se logr\u00f3 por el trabajo coordinado entre la Polic\u00eda Municipal de Atizap\u00e1n de Zaragoza y la Secretar\u00eda de Marina (SEMAR) en apoyo a una detenci\u00f3n hecha por la Fiscal\u00eda General de la Rep\u00fablica (FGR) con fines de extradici\u00f3n hacia los Estados Unidos por los delitos de delincuencia organizada y operaciones con recursos de procedencia il\u00edcita cometidos por el presunto delincuente.<\/p>\n\n\n\n<p>Tambi\u00e9n destaca la reciente participaci\u00f3n de la Polic\u00eda de Atizap\u00e1n en trabajos coordinados con autoridades estatales y federales para aprehender a Alejandro Maya, alias \u201cEl Beb\u00e9\u201d, l\u00edder de la organizaci\u00f3n criminal \u201cLos Julios\u201d, y la detenci\u00f3n de 12 ciudadanos colombianos relacionados con robos en domicilios de Zona Esmeralda.<\/p>\n","protected":false},"excerpt":{"rendered":"<p>La percepci&oacute;n de inseguridad en Atizap&aacute;n de Zaragoza sigue a la baja, lo que lo&#8230;<\/p>\n","protected":false},"author":1,"featured_media":14483,"comment_status":"closed","ping_status":"closed","sticky":false,"template":"","format":"standard","meta":{"footnotes":""},"categories":[45],"tags":[],"class_list":["post-14482","post","type-post","status-publish","format-standard","has-post-thumbnail","hentry","category-atizapan-de-zaragoza"],"_links":{"self":[{"href":"https:\/\/www.notiflashmexiquense.com.mx\/index.php?rest_route=\/wp\/v2\/posts\/14482","targetHints":{"allow":["GET"]}}],"collection":[{"href":"https:\/\/www.notiflashmexiquense.com.mx\/index.php?rest_route=\/wp\/v2\/posts"}],"about":[{"href":"https:\/\/www.notiflashmexiquense.com.mx\/index.php?rest_route=\/wp\/v2\/types\/post"}],"author":[{"embeddable":true,"href":"https:\/\/www.notiflashmexiquense.com.mx\/index.php?rest_route=\/wp\/v2\/users\/1"}],"replies":[{"embeddable":true,"href":"https:\/\/www.notiflashmexiquense.com.mx\/index.php?rest_route=%2Fwp%2Fv2%2Fcomments&post=14482"}],"version-history":[{"count":1,"href":"https:\/\/www.notiflashmexiquense.com.mx\/index.php?rest_route=\/wp\/v2\/posts\/14482\/revisions"}],"predecessor-version":[{"id":14484,"href":"https:\/\/www.notiflashmexiquense.com.mx\/index.php?rest_route=\/wp\/v2\/posts\/14482\/revisions\/14484"}],"wp:featuredmedia":[{"embeddable":true,"href":"https:\/\/www.notiflashmexiquense.com.mx\/index.php?rest_route=\/wp\/v2\/media\/14483"}],"wp:attachment":[{"href":"https:\/\/www.notiflashmexiquense.com.mx\/index.php?rest_route=%2Fwp%2Fv2%2Fmedia&parent=14482"}],"wp:term":[{"taxonomy":"category","embeddable":true,"href":"https:\/\/www.notiflashmexiquense.com.mx\/index.php?rest_route=%2Fwp%2Fv2%2Fcategories&post=14482"},{"taxonomy":"post_tag","embeddable":true,"href":"https:\/\/www.notiflashmexiquense.com.mx\/index.php?rest_route=%2Fwp%2Fv2%2Ftags&post=14482"}],"curies":[{"name":"wp","href":"https:\/\/api.w.org\/{rel}","templated":true}]}}