{"id":14479,"date":"2023-10-20T01:35:20","date_gmt":"2023-10-20T01:35:20","guid":{"rendered":"https:\/\/www.notiflashmexiquense.com.mx\/?p=14479"},"modified":"2023-10-20T01:35:20","modified_gmt":"2023-10-20T01:35:20","slug":"vinculan-a-proceso-a-dos-posibles-implicados-en-el-robo-de-un-vehiculo-con-mercancia-propiedad-de-una-empresa-de-paqueteria","status":"publish","type":"post","link":"https:\/\/www.notiflashmexiquense.com.mx\/?p=14479","title":{"rendered":"VINCULAN A PROCESO A DOS POSIBLES IMPLICADOS EN EL ROBO DE UN VEH\u00cdCULO CON MERCANC\u00cdA PROPIEDAD DE UNA EMPRESA DE PAQUETER\u00cdA"},"content":{"rendered":"\n<p>\u00b7 Los investigados habr\u00edan hurtado una unidad automotora y 110 paquetes que eran trasladados a bordo de la misma.<\/p>\n\n\n\n<p>Tultitl\u00e1n, Estado de M\u00e9xico, 19 de octubre de 2023.- Omar \u201cN\u201d y Armando \u201cN\u201d fueron vinculados a proceso, luego de que esta Fiscal\u00eda General de Justicia del Estado de M\u00e9xico (FGJEM) acredit\u00f3 su posible intervenci\u00f3n en el il\u00edcito de robo con violencia de veh\u00edculo con mercanc\u00eda en agravio de una empresa de paqueter\u00eda, hechos perpetrados el pasado 3 de octubre en Tultitl\u00e1n.<\/p>\n\n\n\n<pre class=\"wp-block-code\"><code>        Despu\u00e9s de revisar los elementos de prueba recabados por esta Representaci\u00f3n Social, la Autoridad Judicial determin\u00f3 vincular a proceso a estos dos individuos, adem\u00e1s estableci\u00f3 plazo de un mes para el cierre de investigaci\u00f3n complementaria y medida cautelar de prisi\u00f3n preventiva justificada.\n\n        El d\u00eda de los hechos, la v\u00edctima, quien se encontraba laborando como repartidor para una empresa de paqueter\u00eda, se encontraba en la calle Guillermo Morelos, en la colonia Segunda Secci\u00f3n de Morelos, del municipio referido, donde realizaba la entrega de mercanc\u00eda, en ese lugar fue interceptado por Omar \u201cN\u201d y Armando \u201cN\u201d.\n\n        Los posibles implicados habr\u00edan amagado con un arma de fuego a esta persona, para despojarlo del veh\u00edculo que conduc\u00eda, as\u00ed como de 110 paquetes con diversos art\u00edculos y luego huyeron del lugar. Indagatorias de esta Instituci\u00f3n precisaron que en otro punto de la zona habr\u00edan descargado la mercanc\u00eda y la subieron a otra unidad automotora para retirarse del sitio.\n\n        El robo referido fue denunciado ante el Agente del Ministerio P\u00fablico, por lo que fue iniciada una investigaci\u00f3n y solicitada orden de aprehensi\u00f3n contra los posibles implicados, mandamiento judicial que fue otorgado y cumplimentado por elementos de la Polic\u00eda de Investigaci\u00f3n (PDI).\n\n        Estos dos sujetos fueron ingresados al Centro Penitenciario y de Reinserci\u00f3n Social de Cuautitl\u00e1n, a disposici\u00f3n del \u00d3rgano Jurisdiccional, quien determin\u00f3 iniciar proceso legal en su contra, no obstante, deben ser considerados inocentes hasta que sea dictada una sentencia condenatoria en su contra.\n\n         La Fiscal\u00eda General de Justicia del Estado de M\u00e9xico pone a disposici\u00f3n de la ciudadan\u00eda el correo electr\u00f3nico cerotolerancia@fiscaliaedomex.gob.mx, el n\u00famero telef\u00f3nico 800 7028770, o bien, la aplicaci\u00f3n FGJEdomex, la cual est\u00e1 disponible de manera gratuita para los tel\u00e9fonos inteligentes de los sistemas iOS y Android, para que en caso de reconocer a estos sujetos como posibles implicados en otros hechos delictivos, sean denunciados.<\/code><\/pre>\n\n\n\n<p>oo0oo<\/p>\n","protected":false},"excerpt":{"rendered":"<p>&middot; Los investigados habr&iacute;an hurtado una unidad automotora y 110 paquetes que eran trasladados a&#8230;<\/p>\n","protected":false},"author":1,"featured_media":14480,"comment_status":"closed","ping_status":"closed","sticky":false,"template":"","format":"standard","meta":{"footnotes":""},"categories":[73],"tags":[],"class_list":["post-14479","post","type-post","status-publish","format-standard","has-post-thumbnail","hentry","category-fgjem"],"_links":{"self":[{"href":"https:\/\/www.notiflashmexiquense.com.mx\/index.php?rest_route=\/wp\/v2\/posts\/14479","targetHints":{"allow":["GET"]}}],"collection":[{"href":"https:\/\/www.notiflashmexiquense.com.mx\/index.php?rest_route=\/wp\/v2\/posts"}],"about":[{"href":"https:\/\/www.notiflashmexiquense.com.mx\/index.php?rest_route=\/wp\/v2\/types\/post"}],"author":[{"embeddable":true,"href":"https:\/\/www.notiflashmexiquense.com.mx\/index.php?rest_route=\/wp\/v2\/users\/1"}],"replies":[{"embeddable":true,"href":"https:\/\/www.notiflashmexiquense.com.mx\/index.php?rest_route=%2Fwp%2Fv2%2Fcomments&post=14479"}],"version-history":[{"count":1,"href":"https:\/\/www.notiflashmexiquense.com.mx\/index.php?rest_route=\/wp\/v2\/posts\/14479\/revisions"}],"predecessor-version":[{"id":14481,"href":"https:\/\/www.notiflashmexiquense.com.mx\/index.php?rest_route=\/wp\/v2\/posts\/14479\/revisions\/14481"}],"wp:featuredmedia":[{"embeddable":true,"href":"https:\/\/www.notiflashmexiquense.com.mx\/index.php?rest_route=\/wp\/v2\/media\/14480"}],"wp:attachment":[{"href":"https:\/\/www.notiflashmexiquense.com.mx\/index.php?rest_route=%2Fwp%2Fv2%2Fmedia&parent=14479"}],"wp:term":[{"taxonomy":"category","embeddable":true,"href":"https:\/\/www.notiflashmexiquense.com.mx\/index.php?rest_route=%2Fwp%2Fv2%2Fcategories&post=14479"},{"taxonomy":"post_tag","embeddable":true,"href":"https:\/\/www.notiflashmexiquense.com.mx\/index.php?rest_route=%2Fwp%2Fv2%2Ftags&post=14479"}],"curies":[{"name":"wp","href":"https:\/\/api.w.org\/{rel}","templated":true}]}}