{"id":14470,"date":"2023-10-19T22:19:32","date_gmt":"2023-10-19T22:19:32","guid":{"rendered":"https:\/\/www.notiflashmexiquense.com.mx\/?p=14470"},"modified":"2023-10-19T22:19:32","modified_gmt":"2023-10-19T22:19:32","slug":"conmemoran-en-atizapan-de-zaragoza-el-dia-internacional-de-la-lucha-contra-el-cancer-de-mama-se-unen-mujeres-en-lazo-rosa-gigante-en-la-explanada-municipal","status":"publish","type":"post","link":"https:\/\/www.notiflashmexiquense.com.mx\/?p=14470","title":{"rendered":"CONMEMORAN EN ATIZAP\u00c1N DE ZARAGOZA EL D\u00cdA INTERNACIONAL DE LA LUCHA CONTRA EL C\u00c1NCER DE MAMA; SE UNEN MUJERES EN LAZO ROSA GIGANTE EN LA EXPLANADA MUNICIPAL"},"content":{"rendered":"\n<p>\u201cUnidos contra el c\u00e1ncer de mama\u201d fue el mensaje que el Presidente Municipal, Pedro Rodr\u00edguez Villegas; la Presidenta honoraria del Sistema Municipal DIF, Patricia Ar\u00e9valo Rubio, y mujeres atizapenses enviaron a la ciudadan\u00eda en conmemoraci\u00f3n del D\u00eda Internacional de la Lucha contra el C\u00e1ncer de Mama.<\/p>\n\n\n\n<p>Esto, como parte de la mega jornada conmemorativa que el DIF, en conjunto con la Jurisdicci\u00f3n Sanitaria, realiz\u00f3 en la explanada municipal y que incluy\u00f3 servicios gratuitos como estudios de mastograf\u00eda, exploraci\u00f3n mamaria, papanicolaou, consulta m\u00e9dica y odontol\u00f3gica, consulta nutricional y pruebas de VIH.<\/p>\n\n\n\n<p>Adem\u00e1s, hubo aplicaci\u00f3n de vacunas, asesor\u00eda psicol\u00f3gica y jur\u00eddica, corte de cabello, entre otros.<\/p>\n\n\n\n<p>\u201cEs momento de hacer una pausa en nuestra vida, de voltear y decir \u2018gracias\u2019, \u2018gracias, Se\u00f1or\u2019, porque estoy aqu\u00ed, porque nos permites ver un nuevo d\u00eda, por ver a nuestra familia completa, por estar cerca de los seres que queremos, por tener a la familia reunida y unida, porque a veces nos quejamos de cosas tan triviales y tan vanas y nos olvidamos de dar gracias por lo m\u00e1s importante: que estamos aqu\u00ed y ahora\u201d, consider\u00f3 Ar\u00e9valo Rubio.<\/p>\n\n\n\n<p>Tambi\u00e9n agradeci\u00f3 el apoyo que el Alcalde brinda para las causas relacionadas con temas de salud.<\/p>\n\n\n\n<p>\u00abEs una persona preocupada y ocupada en que se lleven a cabo este tipo de apoyos en las comunidades\u00bb, dijo.<\/p>\n\n\n\n<p>Por su parte, Mar\u00eda Trinidad Canchola S\u00e1nchez, Subdirectora M\u00e9dica del DIF, se\u00f1al\u00f3 la importancia de la detecci\u00f3n y atenci\u00f3n de esta enfermedad, ya que no es exclusiva de mujeres, sino que tambi\u00e9n hay hombres que son diagnosticados con el padecimiento.<\/p>\n\n\n\n<p>\u201cTodo esto es integral. Queremos ser un municipio que promueva la salud preventiva basada en un conjunto de acciones y consejos m\u00e9dicos para las y los atizapenses. Esta causa no solamente es de mujeres, tambi\u00e9n es de hombres. Aprovechemos al m\u00e1ximo esta magna jornada\u201d, expres\u00f3.<\/p>\n\n\n\n<p>En esta actividad tambi\u00e9n hubo pl\u00e1ticas y Patricia Roa Sep\u00falveda, paciente sobreviviente de c\u00e1ncer, cont\u00f3 su experiencia y proceso para superar este padecimiento.<\/p>\n\n\n\n<p>\u201cNo olviden vivir el \u2018s\u00f3lo por hoy\u2019, el aqu\u00ed y el ahora\u201d, invit\u00f3.<\/p>\n","protected":false},"excerpt":{"rendered":"<p>&ldquo;Unidos contra el c&aacute;ncer de mama&rdquo; fue el mensaje que el Presidente Municipal, Pedro Rodr&iacute;guez&#8230;<\/p>\n","protected":false},"author":1,"featured_media":14471,"comment_status":"closed","ping_status":"closed","sticky":false,"template":"","format":"standard","meta":{"footnotes":""},"categories":[45],"tags":[],"class_list":["post-14470","post","type-post","status-publish","format-standard","has-post-thumbnail","hentry","category-atizapan-de-zaragoza"],"_links":{"self":[{"href":"https:\/\/www.notiflashmexiquense.com.mx\/index.php?rest_route=\/wp\/v2\/posts\/14470","targetHints":{"allow":["GET"]}}],"collection":[{"href":"https:\/\/www.notiflashmexiquense.com.mx\/index.php?rest_route=\/wp\/v2\/posts"}],"about":[{"href":"https:\/\/www.notiflashmexiquense.com.mx\/index.php?rest_route=\/wp\/v2\/types\/post"}],"author":[{"embeddable":true,"href":"https:\/\/www.notiflashmexiquense.com.mx\/index.php?rest_route=\/wp\/v2\/users\/1"}],"replies":[{"embeddable":true,"href":"https:\/\/www.notiflashmexiquense.com.mx\/index.php?rest_route=%2Fwp%2Fv2%2Fcomments&post=14470"}],"version-history":[{"count":1,"href":"https:\/\/www.notiflashmexiquense.com.mx\/index.php?rest_route=\/wp\/v2\/posts\/14470\/revisions"}],"predecessor-version":[{"id":14472,"href":"https:\/\/www.notiflashmexiquense.com.mx\/index.php?rest_route=\/wp\/v2\/posts\/14470\/revisions\/14472"}],"wp:featuredmedia":[{"embeddable":true,"href":"https:\/\/www.notiflashmexiquense.com.mx\/index.php?rest_route=\/wp\/v2\/media\/14471"}],"wp:attachment":[{"href":"https:\/\/www.notiflashmexiquense.com.mx\/index.php?rest_route=%2Fwp%2Fv2%2Fmedia&parent=14470"}],"wp:term":[{"taxonomy":"category","embeddable":true,"href":"https:\/\/www.notiflashmexiquense.com.mx\/index.php?rest_route=%2Fwp%2Fv2%2Fcategories&post=14470"},{"taxonomy":"post_tag","embeddable":true,"href":"https:\/\/www.notiflashmexiquense.com.mx\/index.php?rest_route=%2Fwp%2Fv2%2Ftags&post=14470"}],"curies":[{"name":"wp","href":"https:\/\/api.w.org\/{rel}","templated":true}]}}