{"id":14467,"date":"2023-10-19T21:30:05","date_gmt":"2023-10-19T21:30:05","guid":{"rendered":"https:\/\/www.notiflashmexiquense.com.mx\/?p=14467"},"modified":"2023-10-19T21:30:06","modified_gmt":"2023-10-19T21:30:06","slug":"dif-naucalpan-apoyara-a-la-asociacion-vida-independiente","status":"publish","type":"post","link":"https:\/\/www.notiflashmexiquense.com.mx\/?p=14467","title":{"rendered":"DIF NAUCALPAN APOYAR\u00c1 A LA ASOCIACI\u00d3N \u2018VIDA INDEPENDIENTE\u2019"},"content":{"rendered":"\n<ul class=\"wp-block-list\">\n<li>La agrupaci\u00f3n ayuda a personas con discapacidad motriz a utilizar la silla de ruedas y valerse por s\u00ed mismas.<\/li>\n<\/ul>\n\n\n\n<p>El Sistema Municipal para el Desarrollo Integral de la Familia (SMDIF) de Naucalpan apoyar\u00e1 a la asociaci\u00f3n \u2018Vida Independiente M\u00e9xico\u2019, que ayuda a personas con discapacidad motriz que utilizan silla de rueda a valerse por s\u00ed mismas y se re\u00fanen cada viernes en el Parque Hundido de Echegaray.<\/p>\n\n\n\n<p>Tres representantes de esta agrupaci\u00f3n acudieron al \u2018Martes Ciudadano\u2019 que se efectu\u00f3 el pasado 17 de octubre en la colonia Ampliaci\u00f3n Minas El Coyote, donde se entrevistaron con la alcaldesa Ang\u00e9lica Moya Mar\u00edn para darle a conocer la labor que realizan y solicitar su apoyo. A esta conversaci\u00f3n se integr\u00f3 la directora del DIF, Cynthia Elizondo Basurto.<\/p>\n\n\n\n<p>Ferm\u00edn Valdez Rocha, l\u00edder del grupo en Naucalpan, expuso que todos los viernes de 9:00 a 13:00 horas se re\u00fanen en el referido parque ubicado en Hacienda de Echegaray, donde ense\u00f1an a personas con discapacidad motriz diversos ejercicios para saber c\u00f3mo levantarse si se voltean con su silla de ruedas, subir rampas, moverse de su silla a otra, \u201cpara que puedan valerse por s\u00ed mismas y no est\u00e9n dependiendo del familiar\u201d.<\/p>\n\n\n\n<p>Agreg\u00f3: \u201cTenemos ya la sede aqu\u00ed en Naucalpan y solicitamos apoyo. Lo que ocupamos es transporte, donaci\u00f3n de sillas, cojines y parece que hay buena respuesta\u201d.<\/p>\n\n\n\n<p>Para iniciar con este apoyo, la directora general del DIF se comprometi\u00f3 a transportar a integrantes de esta agrupaci\u00f3n para que participen en la segunda carrera \u2018Corre contra el C\u00e1ncer\u201d que se realizar\u00e1 el 22 de octubre en Ciudad Sat\u00e9lite.<\/p>\n\n\n\n<p>J\u00edber Gonz\u00e1lez, otro de los representantes del grupo, reiter\u00f3 que \u201cel proyecto de nosotros es invitar a la gente a salir de sus hogares, que sean independientes, sabemos que lo necesitan porque ya pasamos por lo mismo. Esa es la finalidad\u201d.<\/p>\n\n\n\n<p>Por \u00faltimo, Gilberto Fern\u00e1ndez Vilchis dijo que los familiares de personas con discapacidad pueden impulsarlas para que se integren a este aprendizaje y retomen sus actividades.<\/p>\n","protected":false},"excerpt":{"rendered":"<p>El Sistema Municipal para el Desarrollo Integral de la Familia (SMDIF) de Naucalpan apoyar&aacute; a&#8230;<\/p>\n","protected":false},"author":1,"featured_media":14468,"comment_status":"closed","ping_status":"closed","sticky":false,"template":"","format":"standard","meta":{"footnotes":""},"categories":[45],"tags":[],"class_list":["post-14467","post","type-post","status-publish","format-standard","has-post-thumbnail","hentry","category-atizapan-de-zaragoza"],"_links":{"self":[{"href":"https:\/\/www.notiflashmexiquense.com.mx\/index.php?rest_route=\/wp\/v2\/posts\/14467","targetHints":{"allow":["GET"]}}],"collection":[{"href":"https:\/\/www.notiflashmexiquense.com.mx\/index.php?rest_route=\/wp\/v2\/posts"}],"about":[{"href":"https:\/\/www.notiflashmexiquense.com.mx\/index.php?rest_route=\/wp\/v2\/types\/post"}],"author":[{"embeddable":true,"href":"https:\/\/www.notiflashmexiquense.com.mx\/index.php?rest_route=\/wp\/v2\/users\/1"}],"replies":[{"embeddable":true,"href":"https:\/\/www.notiflashmexiquense.com.mx\/index.php?rest_route=%2Fwp%2Fv2%2Fcomments&post=14467"}],"version-history":[{"count":1,"href":"https:\/\/www.notiflashmexiquense.com.mx\/index.php?rest_route=\/wp\/v2\/posts\/14467\/revisions"}],"predecessor-version":[{"id":14469,"href":"https:\/\/www.notiflashmexiquense.com.mx\/index.php?rest_route=\/wp\/v2\/posts\/14467\/revisions\/14469"}],"wp:featuredmedia":[{"embeddable":true,"href":"https:\/\/www.notiflashmexiquense.com.mx\/index.php?rest_route=\/wp\/v2\/media\/14468"}],"wp:attachment":[{"href":"https:\/\/www.notiflashmexiquense.com.mx\/index.php?rest_route=%2Fwp%2Fv2%2Fmedia&parent=14467"}],"wp:term":[{"taxonomy":"category","embeddable":true,"href":"https:\/\/www.notiflashmexiquense.com.mx\/index.php?rest_route=%2Fwp%2Fv2%2Fcategories&post=14467"},{"taxonomy":"post_tag","embeddable":true,"href":"https:\/\/www.notiflashmexiquense.com.mx\/index.php?rest_route=%2Fwp%2Fv2%2Ftags&post=14467"}],"curies":[{"name":"wp","href":"https:\/\/api.w.org\/{rel}","templated":true}]}}