{"id":14460,"date":"2023-10-19T06:23:15","date_gmt":"2023-10-19T06:23:15","guid":{"rendered":"https:\/\/www.notiflashmexiquense.com.mx\/?p=14460"},"modified":"2023-10-19T06:23:16","modified_gmt":"2023-10-19T06:23:16","slug":"la-gobernadora-delfina-gomez-hace-historia-con-audiencia-inedita-de-11-horas-y-mas-de-mil-ciudadanos-atendidos","status":"publish","type":"post","link":"https:\/\/www.notiflashmexiquense.com.mx\/?p=14460","title":{"rendered":"La Gobernadora Delfina G\u00f3mez hace historia con audiencia in\u00e9dita de 11 horas y m\u00e1s de mil ciudadanos atendidos"},"content":{"rendered":"\n<p><em>\u2022 Como nunca antes, las puertas de Palacio de Gobierno se abrieron y albergaron a las y los mexiquenses que entregaron sus peticiones personalmente a la Maestra Delfina.<\/em><br><br><em>\u2022 \u201cA partir de hoy el Palacio de Gobierno es la casa de todos\u201d, afirm\u00f3 la Mandataria tras 11 horas ininterrumpidas de escuchar a la ciudadan\u00eda.<\/em><br><br><strong>TOLUCA<\/strong>, Estado de M\u00e9xico.- Tras 11 horas de jornada en la primera Audiencia Ciudadana, la Maestra Delfina G\u00f3mez \u00c1lvarez, Gobernadora del Estado de M\u00e9xico,&nbsp; atendi\u00f3 a m\u00e1s de mil mexiquense que se dieron cita en el Palacio del Gobierno, ahora la casa de todos.<br><br>Acompa\u00f1ada por Horacio Duarte Olivares, Secretario General de Gobierno, e integrantes de su Gabinete legal, la Maestra Delfina G\u00f3mez escuch\u00f3 las peticiones y solicitudes que fueron canalizadas a las Secretar\u00edas o instancias correspondientes.<br><br>Las personas ah\u00ed reunidas se mostraron muy contentas de ser atendidas por la Maestra Delfina G\u00f3mez, llegaron de diferentes sectores, incluso algunos integrantes de los 125 ayuntamientos del Estado de M\u00e9xico acudieron para entregar peticiones y proponer proyectos a la Gobernadora.<br><br>Cabe se\u00f1alar que a estas acciones se sum\u00f3 la Fiscal\u00eda General de Justicia del Estado de M\u00e9xico (FGJEM) y la Comisi\u00f3n de Derechos Humanos estatal (Codhem).<\/p>\n","protected":false},"excerpt":{"rendered":"<p>&bull; Como nunca antes, las puertas de Palacio de Gobierno se abrieron y albergaron a&#8230;<\/p>\n","protected":false},"author":1,"featured_media":14461,"comment_status":"closed","ping_status":"closed","sticky":false,"template":"","format":"standard","meta":{"footnotes":""},"categories":[69],"tags":[],"class_list":["post-14460","post","type-post","status-publish","format-standard","has-post-thumbnail","hentry","category-gobierno-del-estado-de-mexico"],"_links":{"self":[{"href":"https:\/\/www.notiflashmexiquense.com.mx\/index.php?rest_route=\/wp\/v2\/posts\/14460","targetHints":{"allow":["GET"]}}],"collection":[{"href":"https:\/\/www.notiflashmexiquense.com.mx\/index.php?rest_route=\/wp\/v2\/posts"}],"about":[{"href":"https:\/\/www.notiflashmexiquense.com.mx\/index.php?rest_route=\/wp\/v2\/types\/post"}],"author":[{"embeddable":true,"href":"https:\/\/www.notiflashmexiquense.com.mx\/index.php?rest_route=\/wp\/v2\/users\/1"}],"replies":[{"embeddable":true,"href":"https:\/\/www.notiflashmexiquense.com.mx\/index.php?rest_route=%2Fwp%2Fv2%2Fcomments&post=14460"}],"version-history":[{"count":1,"href":"https:\/\/www.notiflashmexiquense.com.mx\/index.php?rest_route=\/wp\/v2\/posts\/14460\/revisions"}],"predecessor-version":[{"id":14462,"href":"https:\/\/www.notiflashmexiquense.com.mx\/index.php?rest_route=\/wp\/v2\/posts\/14460\/revisions\/14462"}],"wp:featuredmedia":[{"embeddable":true,"href":"https:\/\/www.notiflashmexiquense.com.mx\/index.php?rest_route=\/wp\/v2\/media\/14461"}],"wp:attachment":[{"href":"https:\/\/www.notiflashmexiquense.com.mx\/index.php?rest_route=%2Fwp%2Fv2%2Fmedia&parent=14460"}],"wp:term":[{"taxonomy":"category","embeddable":true,"href":"https:\/\/www.notiflashmexiquense.com.mx\/index.php?rest_route=%2Fwp%2Fv2%2Fcategories&post=14460"},{"taxonomy":"post_tag","embeddable":true,"href":"https:\/\/www.notiflashmexiquense.com.mx\/index.php?rest_route=%2Fwp%2Fv2%2Ftags&post=14460"}],"curies":[{"name":"wp","href":"https:\/\/api.w.org\/{rel}","templated":true}]}}