{"id":14444,"date":"2023-10-17T23:32:17","date_gmt":"2023-10-17T23:32:17","guid":{"rendered":"https:\/\/www.notiflashmexiquense.com.mx\/?p=14444"},"modified":"2023-10-17T23:32:18","modified_gmt":"2023-10-17T23:32:18","slug":"condenan-a-23-anos-de-prision-a-responsable-de-robo-a-transporte-publico-en-ecatepec","status":"publish","type":"post","link":"https:\/\/www.notiflashmexiquense.com.mx\/?p=14444","title":{"rendered":"CONDENAN A 23 A\u00d1OS DE PRISI\u00d3N A RESPONSABLE DE ROBO A TRANSPORTE P\u00daBLICO EN ECATEPEC"},"content":{"rendered":"\n<p>\u00b7 El 23 de mayo pasado, en complicidad con otro individuo, abord\u00f3 un veh\u00edculo de servicio p\u00fablico y despoj\u00f3 de sus pertenencias a los usuarios.<\/p>\n\n\n\n<p>Ecatepec, Estado de M\u00e9xico, 17 de octubre de 2023.- Un sujeto identificado como Jos\u00e9 Arturo Cornejo Esquivel fue sentenciado a 23 a\u00f1os, 2 meses y 15 d\u00edas de prisi\u00f3n, luego de que la Fiscal\u00eda General de Justicia del Estado de M\u00e9xico (FGJEM) acredit\u00f3 su intervenci\u00f3n en un robo con violencia cometido en medios de transporte p\u00fablico en este municipio.<\/p>\n\n\n\n<pre class=\"wp-block-code\"><code>        Despu\u00e9s de revisar las pruebas recabadas, aportadas y expuestas por el Agente del Ministerio P\u00fablico, el \u00d3rgano Jurisdiccional le dict\u00f3 esta sentencia de condena, adem\u00e1s le fij\u00f3 multa y deber\u00e1 pagar una suma econ\u00f3mica por reparaci\u00f3n del da\u00f1o moral; por lo que hace a sus derechos civiles y pol\u00edticos quedaron suspendidos.\n\n        Los hechos por los cuales fue sentenciado este individuo ocurrieron el 23 de mayo de este a\u00f1o, cuando en complicidad con otra persona, abordaron una unidad de servicio p\u00fablico en la autopista M\u00e9xico-Pachuca, colonia Bosques de Ecatepec. Al interior de dicho veh\u00edculo amagaron con un arma de fuego y un objeto punzocortante a los usuarios, a quienes hurtaron sus pertenencias.\n\n        Este il\u00edcito fue denunciado ante la Fiscal\u00eda Edom\u00e9x por ello el Representante Social inici\u00f3 la indagatoria correspondiente y fue detenido el implicado, mismo que fue puesto a disposici\u00f3n de la Autoridad Judicial en el Centro Penitenciario y de Reinserci\u00f3n Social de Ecatepec, quien, tras proceso legal, dict\u00f3 esta sentencia de condena.\n\n        La Fiscal\u00eda General de Justicia pone a disposici\u00f3n de la ciudadan\u00eda el correo electr\u00f3nico cerotolerancia@fiscaliaedomex.gob.mx, el n\u00famero telef\u00f3nico 800 7028770, o bien, la aplicaci\u00f3n FGJEdomex, la cual est\u00e1 disponible de manera gratuita para los tel\u00e9fonos inteligentes de los sistemas iOS y Android, para que denuncie cualquier hecho delictivo.<\/code><\/pre>\n\n\n\n<p>oo0oo<\/p>\n","protected":false},"excerpt":{"rendered":"<p>&middot; El 23 de mayo pasado, en complicidad con otro individuo, abord&oacute; un veh&iacute;culo de&#8230;<\/p>\n","protected":false},"author":1,"featured_media":14445,"comment_status":"closed","ping_status":"closed","sticky":false,"template":"","format":"standard","meta":{"footnotes":""},"categories":[45],"tags":[],"class_list":["post-14444","post","type-post","status-publish","format-standard","has-post-thumbnail","hentry","category-atizapan-de-zaragoza"],"_links":{"self":[{"href":"https:\/\/www.notiflashmexiquense.com.mx\/index.php?rest_route=\/wp\/v2\/posts\/14444","targetHints":{"allow":["GET"]}}],"collection":[{"href":"https:\/\/www.notiflashmexiquense.com.mx\/index.php?rest_route=\/wp\/v2\/posts"}],"about":[{"href":"https:\/\/www.notiflashmexiquense.com.mx\/index.php?rest_route=\/wp\/v2\/types\/post"}],"author":[{"embeddable":true,"href":"https:\/\/www.notiflashmexiquense.com.mx\/index.php?rest_route=\/wp\/v2\/users\/1"}],"replies":[{"embeddable":true,"href":"https:\/\/www.notiflashmexiquense.com.mx\/index.php?rest_route=%2Fwp%2Fv2%2Fcomments&post=14444"}],"version-history":[{"count":1,"href":"https:\/\/www.notiflashmexiquense.com.mx\/index.php?rest_route=\/wp\/v2\/posts\/14444\/revisions"}],"predecessor-version":[{"id":14446,"href":"https:\/\/www.notiflashmexiquense.com.mx\/index.php?rest_route=\/wp\/v2\/posts\/14444\/revisions\/14446"}],"wp:featuredmedia":[{"embeddable":true,"href":"https:\/\/www.notiflashmexiquense.com.mx\/index.php?rest_route=\/wp\/v2\/media\/14445"}],"wp:attachment":[{"href":"https:\/\/www.notiflashmexiquense.com.mx\/index.php?rest_route=%2Fwp%2Fv2%2Fmedia&parent=14444"}],"wp:term":[{"taxonomy":"category","embeddable":true,"href":"https:\/\/www.notiflashmexiquense.com.mx\/index.php?rest_route=%2Fwp%2Fv2%2Fcategories&post=14444"},{"taxonomy":"post_tag","embeddable":true,"href":"https:\/\/www.notiflashmexiquense.com.mx\/index.php?rest_route=%2Fwp%2Fv2%2Ftags&post=14444"}],"curies":[{"name":"wp","href":"https:\/\/api.w.org\/{rel}","templated":true}]}}