{"id":14425,"date":"2023-10-16T23:14:47","date_gmt":"2023-10-16T23:14:47","guid":{"rendered":"https:\/\/www.notiflashmexiquense.com.mx\/?p=14425"},"modified":"2023-10-16T23:14:48","modified_gmt":"2023-10-16T23:14:48","slug":"aprueban-reglas-de-operacion-de-comedores-comunitarios","status":"publish","type":"post","link":"https:\/\/www.notiflashmexiquense.com.mx\/?p=14425","title":{"rendered":"APRUEBAN \u2018REGLAS DE OPERACI\u00d3N DE COMEDORES COMUNITARIOS\u2019"},"content":{"rendered":"\n<p>Para garantizar en el municipio la alimentaci\u00f3n como un derecho universal, combatir el hambre y la desnutrici\u00f3n, el Cuerpo Edilicio de Naucalpan aprob\u00f3, por mayor\u00eda de votos, las \u2018Reglas de Operaci\u00f3n de Comedores Comunitarios\u2019.<\/p>\n\n\n\n<p>Durante la octog\u00e9sima primera sesi\u00f3n ordinaria de Cabildo, los ediles autorizaron las normas de estos comedores, que tienen como prop\u00f3sito que los naucalpenses, con carencias alimentarias, puedan enfrentar los efectos negativos de la desnutrici\u00f3n y enfermedades de riesgo.<\/p>\n\n\n\n<p>Las \u2018Reglas de Operaci\u00f3n de los Comedores Comunitarios\u2019 establecen aspectos t\u00e9cnicos y operativos de este programa, que busca beneficiar a los sectores m\u00e1s vulnerables con alimentos de calidad.<\/p>\n\n\n\n<p>El acuerdo se sustenta en el art\u00edculo 4\u00b0 de la Constituci\u00f3n Pol\u00edtica de los Estados Unidos Mexicanos que establece que \u201ctoda persona tiene derecho a la alimentaci\u00f3n nutritiva, suficiente y de calidad\u201d, por lo que este programa a cargo de la Direcci\u00f3n General de Desarrollo Social contribuye al cumplimiento de Objetivos de Desarrollo Sostenible (ODS), como \u201cfin de la pobreza y hambre cero\u201d.<\/p>\n\n\n\n<p>Alejandro Antuna Gonz\u00e1lez, subdirector de Proyectos para el Desarrollo Social, inform\u00f3 que previamente se realiz\u00f3 una prueba piloto del programa en la colonia San Jos\u00e9 de los Leones Tercera Secci\u00f3n con gran \u00e9xito y ahora este espacio es autosustentable.<\/p>\n\n\n\n<p>Agreg\u00f3 que a este Comedor Comunitario se sumar\u00e1n cinco m\u00e1s, los cuales estar\u00e1n ubicados estrat\u00e9gicamente en zonas que requieran de este apoyo y apunt\u00f3 que se tiene contemplado que antes de finalizar el a\u00f1o est\u00e9n en funcionamiento tres Comedores Comunitarios ubicados en las colonias Ampliaci\u00f3n Benito Ju\u00e1rez y Altamira, as\u00ed como en el pueblo San Lorenzo Totolinga.<\/p>\n\n\n\n<p>El funcionario explic\u00f3 que el horario de servicio es de 8:00 a 14:00 horas de lunes a viernes y el precio de los desayunos y la comida ser\u00e1 de 25 pesos. \u201cLos alimentos son de calidad, en el desayuno podr\u00e1n encontrar chilaquiles, huevos al gusto, papas con longaniza, adem\u00e1s de caf\u00e9 o t\u00e9 y pan blanco. En la comida se incluye, sopa o arroz, guisado, tortillas y agua de sabor, incluso ya nos toc\u00f3 probar el pozole y estuvo delicioso\u201d, expres\u00f3.<\/p>\n","protected":false},"excerpt":{"rendered":"<p>Para garantizar en el municipio la alimentaci&oacute;n como un derecho universal, combatir el hambre y&#8230;<\/p>\n","protected":false},"author":1,"featured_media":14426,"comment_status":"closed","ping_status":"closed","sticky":false,"template":"","format":"standard","meta":{"footnotes":""},"categories":[45],"tags":[],"class_list":["post-14425","post","type-post","status-publish","format-standard","has-post-thumbnail","hentry","category-atizapan-de-zaragoza"],"_links":{"self":[{"href":"https:\/\/www.notiflashmexiquense.com.mx\/index.php?rest_route=\/wp\/v2\/posts\/14425","targetHints":{"allow":["GET"]}}],"collection":[{"href":"https:\/\/www.notiflashmexiquense.com.mx\/index.php?rest_route=\/wp\/v2\/posts"}],"about":[{"href":"https:\/\/www.notiflashmexiquense.com.mx\/index.php?rest_route=\/wp\/v2\/types\/post"}],"author":[{"embeddable":true,"href":"https:\/\/www.notiflashmexiquense.com.mx\/index.php?rest_route=\/wp\/v2\/users\/1"}],"replies":[{"embeddable":true,"href":"https:\/\/www.notiflashmexiquense.com.mx\/index.php?rest_route=%2Fwp%2Fv2%2Fcomments&post=14425"}],"version-history":[{"count":1,"href":"https:\/\/www.notiflashmexiquense.com.mx\/index.php?rest_route=\/wp\/v2\/posts\/14425\/revisions"}],"predecessor-version":[{"id":14427,"href":"https:\/\/www.notiflashmexiquense.com.mx\/index.php?rest_route=\/wp\/v2\/posts\/14425\/revisions\/14427"}],"wp:featuredmedia":[{"embeddable":true,"href":"https:\/\/www.notiflashmexiquense.com.mx\/index.php?rest_route=\/wp\/v2\/media\/14426"}],"wp:attachment":[{"href":"https:\/\/www.notiflashmexiquense.com.mx\/index.php?rest_route=%2Fwp%2Fv2%2Fmedia&parent=14425"}],"wp:term":[{"taxonomy":"category","embeddable":true,"href":"https:\/\/www.notiflashmexiquense.com.mx\/index.php?rest_route=%2Fwp%2Fv2%2Fcategories&post=14425"},{"taxonomy":"post_tag","embeddable":true,"href":"https:\/\/www.notiflashmexiquense.com.mx\/index.php?rest_route=%2Fwp%2Fv2%2Ftags&post=14425"}],"curies":[{"name":"wp","href":"https:\/\/api.w.org\/{rel}","templated":true}]}}