{"id":14353,"date":"2023-10-10T23:59:07","date_gmt":"2023-10-10T23:59:07","guid":{"rendered":"https:\/\/www.notiflashmexiquense.com.mx\/?p=14353"},"modified":"2023-10-10T23:59:07","modified_gmt":"2023-10-10T23:59:07","slug":"impulsan-gobiernos-de-mexico-y-del-estado-de-mexico-cobertura-universal-gratuita-en-servicios-de-salud-con-imss-bienestar-para-personas-sin-seguridad-social","status":"publish","type":"post","link":"https:\/\/www.notiflashmexiquense.com.mx\/?p=14353","title":{"rendered":"Impulsan Gobiernos de M\u00e9xico y del Estado de M\u00e9xico cobertura universal gratuita en servicios de salud con IMSS-Bienestar para personas sin seguridad social"},"content":{"rendered":"\n<p>\u00b7&nbsp;&nbsp;&nbsp;&nbsp;&nbsp;&nbsp;&nbsp;&nbsp;&nbsp;<em>La Gobernadora Delfina G\u00f3mez \u00c1lvarez indic\u00f3 que con estas acciones se refrenda su compromiso de trabajar para brindar servicios de salud a todos los mexiquenses que no cuentan con seguridad social.<\/em><br><br>\u00b7&nbsp;&nbsp;&nbsp;&nbsp;&nbsp;&nbsp;&nbsp;&nbsp;&nbsp;<em>Se suman al IMSS-Bienestar 23 estados de la Rep\u00fablica, quienes firmaron el convenio por el que se adhieren a este sistema de salud en la Conferencia de Prensa del Presidente Andr\u00e9s Manuel L\u00f3pez Obrador.<\/em><br><br><strong>CIUDAD DE M\u00c9XICO<\/strong>, M\u00e9xico.- El Gobierno del Estado de M\u00e9xico, la Secretar\u00eda de Salud, el Instituto Mexicano del Seguro Social (IMSS) y el \u00d3rgano P\u00fablico Descentralizado IMSS-Bienestar y 22 estados de la Rep\u00fablica m\u00e1s, firmaron el convenio para coordinar la colaboraci\u00f3n en materia de personal m\u00e9dico, infraestructura, equipamiento, medicamentos y dem\u00e1s insumos asociados para la prestaci\u00f3n gratuita de servicios de salud para personas sin seguridad social en la entidad mexiquense.<br><br>Durante la conferencia de prensa que encabez\u00f3 el Presidente Andr\u00e9s Manuel L\u00f3pez Obrador desde Palacio Nacional, signaron el convenio de Cobertura Universal Gratuita en Servicios de Salud con IMSS-Bienestar, la Gobernadora del Estado de M\u00e9xico, Delfina G\u00f3mez \u00c1lvarez; el Secretario de Salud, Jorge Alcocer Varela; y el Director General del IMSS-Bienestar, Alejandro Antonio Calder\u00edn Alipi.<br><br>La Gobernadora Delfina G\u00f3mez \u00c1lvarez indic\u00f3 que la adhesi\u00f3n del Estado de M\u00e9xico a este sistema refrenda su compromiso con los mexiquenses para garantizar su derecho a la salud.<br><br>Asimismo, a trav\u00e9s de sus redes sociales, manifest\u00f3 que los esfuerzos entre los gobiernos estatales y el Gobierno de M\u00e9xico permite seguir avanzando hacia un Estado de bienestar.<br><br>Sostuvo tambi\u00e9n que este convenio saldar\u00e1 la deuda hist\u00f3rica con el pueblo que finalmente podr\u00e1 acceder a servicios m\u00e9dicos y hospitalarios gratuitos.<br><br>Indic\u00f3 que con estas acciones se avanza en la creaci\u00f3n de un sistema de salud de clase mundial, que garantice la atenci\u00f3n integral m\u00e9dica gratuita y hospitalaria con medicamentos y dem\u00e1s insumos para las familias mexiquenses.<br><br>\u201cHoy asisto a la Conferencia Matutina del Presidente de M\u00e9xico, Andr\u00e9s Manuel L\u00f3pez Obrador, para refrendar nuestro compromiso a favor de la salud de todas y todos los mexicanos. La uni\u00f3n de esfuerzos entre gobiernos estatales y el Gobierno de M\u00e9xico, nos permite seguir avanzando hacia un Estado de bienestar\u201d, escribi\u00f3 en redes sociales la Mandataria mexiquense.<br><br>La Gobernadora Delfina G\u00f3mez \u00c1lvarez se comprometi\u00f3 para agilizar la entrega-recepci\u00f3n de la infraestructura f\u00edsica, as\u00ed como todos los recursos materiales a efecto de que los diversos bienes inmuebles, muebles capitalizables o de consumo, e intangibles, relaci\u00f3n de equipos e instalaciones con las que cuenta el Estado de M\u00e9xico, sean aprovechados en el corto plazo por el IMSS-Bienestar.<br><br>Explic\u00f3 que esta pol\u00edtica dise\u00f1ada por el Presidente Andr\u00e9s Manuel L\u00f3pez Obrador materializar\u00e1 las acciones necesarias para lograr la cobertura universal operando una red hospitalaria con base en el Modelo de Atenci\u00f3n a la Salud para el Bienestar.<br><br>En la Conferencia de Prensa se inform\u00f3 que los estados que se suman a este sistema que brindar\u00e1 atenci\u00f3n m\u00e9dica gratuita y universal a los mexicanos son: Baja California, Baja California Sur, Campeche, Chiapas, Colima, Ciudad de M\u00e9xico, Estado de M\u00e9xico, Hidalgo, Michoac\u00e1n, Nayarit, Oaxaca, Puebla, Quintana Roo, San Luis Potos\u00ed, Sinaloa, Sonora, Tabasco, Tamaulipas, Tlaxcala, Veracruz, Zacatecas, Guerrero y Morelos.<br><br>Con esta acci\u00f3n se atender\u00e1 a 53.2 millones de mexicanos, es decir, 80 por ciento de la poblaci\u00f3n que no cuenta con seguridad social, mediante la transferencia de 707 hospitales y 13 mil 966 centros de salud.<br><br>Esta acci\u00f3n forma parte de la estrategia del Gobierno de M\u00e9xico de brindar atenci\u00f3n m\u00e9dica gratuita y universal a los mexicanos<\/p>\n","protected":false},"excerpt":{"rendered":"<p>&middot;&nbsp;&nbsp;&nbsp;&nbsp;&nbsp;&nbsp;&nbsp;&nbsp;&nbsp;La Gobernadora Delfina G&oacute;mez &Aacute;lvarez indic&oacute; que con estas acciones se refrenda su compromiso de&#8230;<\/p>\n","protected":false},"author":1,"featured_media":14354,"comment_status":"closed","ping_status":"closed","sticky":false,"template":"","format":"standard","meta":{"footnotes":""},"categories":[1],"tags":[],"class_list":["post-14353","post","type-post","status-publish","format-standard","has-post-thumbnail","hentry","category-noticias"],"_links":{"self":[{"href":"https:\/\/www.notiflashmexiquense.com.mx\/index.php?rest_route=\/wp\/v2\/posts\/14353","targetHints":{"allow":["GET"]}}],"collection":[{"href":"https:\/\/www.notiflashmexiquense.com.mx\/index.php?rest_route=\/wp\/v2\/posts"}],"about":[{"href":"https:\/\/www.notiflashmexiquense.com.mx\/index.php?rest_route=\/wp\/v2\/types\/post"}],"author":[{"embeddable":true,"href":"https:\/\/www.notiflashmexiquense.com.mx\/index.php?rest_route=\/wp\/v2\/users\/1"}],"replies":[{"embeddable":true,"href":"https:\/\/www.notiflashmexiquense.com.mx\/index.php?rest_route=%2Fwp%2Fv2%2Fcomments&post=14353"}],"version-history":[{"count":1,"href":"https:\/\/www.notiflashmexiquense.com.mx\/index.php?rest_route=\/wp\/v2\/posts\/14353\/revisions"}],"predecessor-version":[{"id":14355,"href":"https:\/\/www.notiflashmexiquense.com.mx\/index.php?rest_route=\/wp\/v2\/posts\/14353\/revisions\/14355"}],"wp:featuredmedia":[{"embeddable":true,"href":"https:\/\/www.notiflashmexiquense.com.mx\/index.php?rest_route=\/wp\/v2\/media\/14354"}],"wp:attachment":[{"href":"https:\/\/www.notiflashmexiquense.com.mx\/index.php?rest_route=%2Fwp%2Fv2%2Fmedia&parent=14353"}],"wp:term":[{"taxonomy":"category","embeddable":true,"href":"https:\/\/www.notiflashmexiquense.com.mx\/index.php?rest_route=%2Fwp%2Fv2%2Fcategories&post=14353"},{"taxonomy":"post_tag","embeddable":true,"href":"https:\/\/www.notiflashmexiquense.com.mx\/index.php?rest_route=%2Fwp%2Fv2%2Ftags&post=14353"}],"curies":[{"name":"wp","href":"https:\/\/api.w.org\/{rel}","templated":true}]}}