{"id":14159,"date":"2023-09-27T04:29:21","date_gmt":"2023-09-27T04:29:21","guid":{"rendered":"https:\/\/www.notiflashmexiquense.com.mx\/?p=14159"},"modified":"2023-09-27T04:29:22","modified_gmt":"2023-09-27T04:29:22","slug":"en-gira-por-texcoco-delfina-gomez-presenta-proyecto-de-renovacion-tecnologica-de-teleplanteles","status":"publish","type":"post","link":"https:\/\/www.notiflashmexiquense.com.mx\/?p=14159","title":{"rendered":"En gira por Texcoco Delfina G\u00f3mez presenta proyecto de  Renovaci\u00f3n Tecnol\u00f3gica de Teleplanteles"},"content":{"rendered":"\n<ul class=\"wp-block-list\">\n<li><em>La renovaci\u00f3n de las telesecundarias y telebachilleratos permite el acceso al aprendizaje como un patrimonio de todos los mexiquenses.<\/em><\/li>\n<\/ul>\n\n\n\n<ul class=\"wp-block-list\">\n<li><em>Mejorar\u00e1 la se\u00f1al para que recursos educativos audiovisuales y digitales lleguen a telesecundarias y telebachilleratos.<\/em><\/li>\n<\/ul>\n\n\n\n<ul class=\"wp-block-list\">\n<li><em>La Secretaria de Educaci\u00f3n federal, Leticia Ram\u00edrez reconoci\u00f3 el esfuerzo de la Mandataria estatal para mejorar las condiciones educativas en la entidad.<\/em><\/li>\n<\/ul>\n\n\n\n<p><strong>TEXCOCO,\u00a0<\/strong>M\u00e9xico.- Con el fin de dignificar la infraestructura educativa y fomentar, mejorar y establecer nuevas din\u00e1micas de aprendizaje que favorezcan a los estudiantes mexiquenses, la Gobernadora del Estado de M\u00e9xico, Delfina G\u00f3mez \u00c1lvarez dio inicio al proyecto de Renovaci\u00f3n Tecnol\u00f3gica de Teleplanteles educativos en la entidad.<br>\u00a0<br>\u201cEste proyecto de Renovaci\u00f3n Tecnol\u00f3gica de Teleplanteles permite la dignificaci\u00f3n de la infraestructura educativa y fomenta el establecimiento de nuevas din\u00e1micas en el aula, el acceso al aprendizaje es un patrimonio de todas y todos y no debe admitir ning\u00fan tipo de preferencia o exclusividad. Por eso, son necesarias iniciativas como \u00e9sta, que atienden a toda la poblaci\u00f3n, especialmente a aquellos grupos de estudiantes que hist\u00f3ricamente han sido m\u00e1s vulnerables\u201d, indic\u00f3.<br>\u00a0<br>En la Escuela Telesecundaria \u201cIgnacio Manuel Altamirano\u201d ubicada en el municipio de Texcoco, la Gobernadora mexiquense se\u00f1al\u00f3 las carencias en las que se encuentran los planteles de telesecundarias y telebachilleratos en la entidad, por lo que reiter\u00f3 su compromiso de apoyar y fortalecer la educaci\u00f3n en el Estado de M\u00e9xico.<br>\u00a0<br>Asimismo, destac\u00f3 la labor que han realizado las y los maestros por sacar adelante este sistema educativo, pues al no contar con todas las herramientas, han hecho todo lo posible por brindar una educaci\u00f3n de calidad para sus alumnos.<br>\u00a0<br>\u201cLos maestros, a pesar de no tener una buena se\u00f1al, a pesar de no tener una buena antena y buenos instrumentos no cejaron en su gran anhelo de seguir trabajando d\u00eda con d\u00eda para que cientos de estudiantes pudieran seguir con estos campos formativos\u201d.<br>\u00a0<br>La Gobernadora Delfina G\u00f3mez \u00c1lvarez agradeci\u00f3 el apoyo del Gobierno del M\u00e9xico para impulsar este programa, y destac\u00f3 el esfuerzo que el Presidente de la Rep\u00fablica, Andr\u00e9s Manuel L\u00f3pez Obrador realiza para apoyar y fortalecer distintos sectores, entre ellos, el educativo.<br>\u00a0<br>Durante su participaci\u00f3n, la Secretaria de Educaci\u00f3n P\u00fablica, Leticia Ram\u00edrez Amaya resalt\u00f3 que el Gobierno que encabeza la Gobernadora Delfina G\u00f3mez tiene como principal caracter\u00edstica trabajar por el pueblo, adem\u00e1s que comparte el compromiso de que todos los alumnos tengan la posibilidad de tener una educaci\u00f3n con sentido cient\u00edfico y humanista.<br>\u00a0<br>La Secretaria federal tambi\u00e9n inst\u00f3 a los docentes a seguir fortaleciendo su compromiso con la educaci\u00f3n de ni\u00f1as, ni\u00f1os y j\u00f3venes, ya que, como lo ha referido el Presidente de M\u00e9xico, Andr\u00e9s Manuel L\u00f3pez Obrador, es en las escuelas donde ocurre la transformaci\u00f3n en la forma de pensar y de vivir de las personas.<br>\u00a0<br>\u00abLos invito a continuar fortaleciendo su compromiso para garantizar el derecho a la educaci\u00f3n de todas y todos. A las autoridades les reconozco el esfuerzo por trabajar de manera coordinada y, particularmente, reconozco a nuestra Gobernadora del Estado de M\u00e9xico, a la Maestra Delfina G\u00f3mez, porque efectivamente va a gobernar para todos, tiene muchas cosas que hacer, pero en su coraz\u00f3n tiene claro que el tema educativo es fundamental\u00bb, subray\u00f3 Ram\u00edrez Amaya.<br>\u00a0<br>En el evento acompa\u00f1aron a la Gobernadora, Miguel \u00c1ngel Hern\u00e1ndez Espejel, Secretario de Educaci\u00f3n, Ciencia, Tecnolog\u00eda e Innovaci\u00f3n del Estado de M\u00e9xico; Azucena Pimentel Mendoza, Directora General de @prende.mx; Magdaleno Reyes \u00c1ngeles, Director General de Servicios Educativos Integrados al Estado de M\u00e9xico (SEIEM); los l\u00edderes magisteriales del Sindicato Nacional de Trabajadores de la Educaci\u00f3n (SNTE) de la Secci\u00f3n 36 y 17, Rigoberto Vargas Hern\u00e1ndez y Eliud Terrazas Ceballos, respectivamente; Omar Pereyra P\u00e9rez, representante del CEN del SNTE; y la Presidenta Municipal de Texcoco, Sandra Luz Falc\u00f3n Venegas.<br>\u00a0<br>LIGA DE DESCARGA A BITES:\u00a0<a rel=\"noreferrer noopener\" href=\"https:\/\/gem102.us17.list-manage.com\/track\/click?u=d0b7d1b37ee8351fcf040bfb7&amp;id=b19ca784ae&amp;e=7dafb47b25\" target=\"_blank\">https:\/\/we.tl\/t-mo93XrWPiQ<\/a><\/p>\n","protected":false},"excerpt":{"rendered":"<p>TEXCOCO,&nbsp;M&eacute;xico.- Con el fin de dignificar la infraestructura educativa y fomentar, mejorar y establecer nuevas&#8230;<\/p>\n","protected":false},"author":1,"featured_media":14164,"comment_status":"closed","ping_status":"closed","sticky":false,"template":"","format":"standard","meta":{"footnotes":""},"categories":[69],"tags":[],"class_list":["post-14159","post","type-post","status-publish","format-standard","has-post-thumbnail","hentry","category-gobierno-del-estado-de-mexico"],"_links":{"self":[{"href":"https:\/\/www.notiflashmexiquense.com.mx\/index.php?rest_route=\/wp\/v2\/posts\/14159","targetHints":{"allow":["GET"]}}],"collection":[{"href":"https:\/\/www.notiflashmexiquense.com.mx\/index.php?rest_route=\/wp\/v2\/posts"}],"about":[{"href":"https:\/\/www.notiflashmexiquense.com.mx\/index.php?rest_route=\/wp\/v2\/types\/post"}],"author":[{"embeddable":true,"href":"https:\/\/www.notiflashmexiquense.com.mx\/index.php?rest_route=\/wp\/v2\/users\/1"}],"replies":[{"embeddable":true,"href":"https:\/\/www.notiflashmexiquense.com.mx\/index.php?rest_route=%2Fwp%2Fv2%2Fcomments&post=14159"}],"version-history":[{"count":1,"href":"https:\/\/www.notiflashmexiquense.com.mx\/index.php?rest_route=\/wp\/v2\/posts\/14159\/revisions"}],"predecessor-version":[{"id":14165,"href":"https:\/\/www.notiflashmexiquense.com.mx\/index.php?rest_route=\/wp\/v2\/posts\/14159\/revisions\/14165"}],"wp:featuredmedia":[{"embeddable":true,"href":"https:\/\/www.notiflashmexiquense.com.mx\/index.php?rest_route=\/wp\/v2\/media\/14164"}],"wp:attachment":[{"href":"https:\/\/www.notiflashmexiquense.com.mx\/index.php?rest_route=%2Fwp%2Fv2%2Fmedia&parent=14159"}],"wp:term":[{"taxonomy":"category","embeddable":true,"href":"https:\/\/www.notiflashmexiquense.com.mx\/index.php?rest_route=%2Fwp%2Fv2%2Fcategories&post=14159"},{"taxonomy":"post_tag","embeddable":true,"href":"https:\/\/www.notiflashmexiquense.com.mx\/index.php?rest_route=%2Fwp%2Fv2%2Ftags&post=14159"}],"curies":[{"name":"wp","href":"https:\/\/api.w.org\/{rel}","templated":true}]}}