{"id":14054,"date":"2023-09-18T23:42:00","date_gmt":"2023-09-18T23:42:00","guid":{"rendered":"https:\/\/www.notiflashmexiquense.com.mx\/?p=14054"},"modified":"2023-09-18T23:42:01","modified_gmt":"2023-09-18T23:42:01","slug":"logra-joven-atizapense-tercer-lugar-mundial-de-taekwondo-de-cadetes-celebrado-en-sarajevo-eres-un-ejemplo-para-ninos-y-jovenes-pedro-rodriguez","status":"publish","type":"post","link":"https:\/\/www.notiflashmexiquense.com.mx\/?p=14054","title":{"rendered":"LOGRA JOVEN ATIZAPENSE TERCER LUGAR MUNDIAL DE TAEKWONDO DE CADETES CELEBRADO EN SARAJEVO; \u201cERES UN EJEMPLO PARA NI\u00d1OS Y J\u00d3VENES\u201d: PEDRO RODR\u00cdGUEZ"},"content":{"rendered":"\n<p>En las v\u00edsperas del mes patrio, el joven atizapense Kenai Hern\u00e1ndez Castillo logr\u00f3 gritar \u201cViva M\u00e9xico\u201d en el Sarajevo 2023 World Taekwondo Cadet Championships, celebrado en Bosnia, tras conseguir el tercer lugar, en la justa que concentr\u00f3 a competidores infantiles de todo el mundo.<\/p>\n\n\n\n<p>Luego de este triunfo, Kenai, junto con su padre Pache Hern\u00e1ndez, quien tambi\u00e9n es su entrenador, visitaron al Presidente Municipal Pedro Rodr\u00edguez Villegas para mostrarle la medalla que porta con orgullo por el trabajo y la fuerza mental que requiri\u00f3 para conseguirla.<\/p>\n\n\n\n<p>En platica con el Alcalde, Kenai, quien es vecino de Lomas de Atizap\u00e1n, respondi\u00f3 sin dudar a la primera pregunta del Presidente Municipal. \u00bfQu\u00e9 se siente ser campe\u00f3n?<\/p>\n\n\n\n<p>\u201cSe siente muy padre. Te cambia. Se siente muy padre cuando entras a la competencia. Compet\u00ed con elementos de todo el mundo, en mi gr\u00e1fica hab\u00eda como 35. Este fue el primer mundial que fue por estaturas. Mi categor\u00eda de Cadetes era de 1.68 cent\u00edmetros hasta 1.72 y 49 kilogramos hasta 61 kilogramos\u201d, destac\u00f3 el medallista de bronce del Campeonato de cadetes.<\/p>\n\n\n\n<p>En el marco del Grito de Independencia, el taekwondo\u00edn mostr\u00f3 las medallas que ha ganado, las cuales transporta en una maleta de viaje, y se las present\u00f3 al Alcalde mientras le explicaba el premio y el campeonato que hab\u00eda ganado en cada competencia y, por supuesto su mejor y m\u00e1s reciente logro en Bosnia y Herzegovina.<\/p>\n\n\n\n<p>Confes\u00f3 que este deporte le apasiona mucho, \u201ccuando peleo me siento muy feliz. Es como algo con lo que me puedo distraer. Me gusta la adrenalina que se siente cuando entras a un \u00e1rea y ves a tu otro competidor\u201d, le dijo durante la pl\u00e1tica.<\/p>\n\n\n\n<p>Por su parte, el mandatario de Atizap\u00e1n de Zaragoza le reconoci\u00f3 su esfuerzo y dijo que tambi\u00e9n debe valorar es esfuerzo de sus padres por impulsarlo tanto en los estudios como en el deporte.<\/p>\n\n\n\n<p>\u201cEres un ejemplo para los ni\u00f1os y los j\u00f3venes, da las gracias a tus padres. Cu\u00e1ntos a lo mejor pudieron destacar como t\u00fa, pero no tuvieron los padres que tienes, la educaci\u00f3n, la entrega, la orientaci\u00f3n, sacrificar otras cosas para apoyarte y sacarte adelante\u201d, destac\u00f3 Rodr\u00edguez Villegas.<\/p>\n\n\n\n<p>Pache Hern\u00e1ndez, padre y entrenador de Kenai, se mantuvo atento a la pl\u00e1tica y dijo que desde los 5 a\u00f1os ha desarrollado las aptitudes de su hijo en este deporte, al igual que las de su hija Zyanya, quien es categor\u00eda Sub 21. Agreg\u00f3 que para mantener este ritmo de estudios y deporte, \u201cpap\u00e1 y mam\u00e1, Irery Castillo, trabajan\u201d.<\/p>\n\n\n\n<p>Quien fuera entrenador de la Selecci\u00f3n del Estado de M\u00e9xico, dijo que, aunque Kenai ya ha ganado campeonatos nacionales y Juegos Conade, el objetivo principal es el mundial, que marca su paso de la categor\u00eda cadetes a juveniles.<\/p>\n\n\n\n<p>Sobre la caracter\u00edstica principal de su hijo, Pache mencion\u00f3 que, \u201ctiene temple, tiene ese temperamento calmado, de saber esperar el momento, eso ya es caracter\u00edstica de \u00e9l. El lleva la pelea a su ritmo\u201d.<\/p>\n\n\n\n<p>Ambos, maestro y alumno, aprovecharon para agradecer el apoyo de la escuela Kenneth Grahame, en M\u00e9xico Nuevo, por el apoyo que tanto maestros como autoridades les han dado para continuar su preparaci\u00f3n en un deporte que requiere de horas de trabajo para competir dos veces por mes, generalmente en provincia.<\/p>\n\n\n\n<p>Ante ello, el Alcalde les dijo que buscar\u00e1 apoyarlo para continuar con su preparaci\u00f3n para las siguientes competencias y seguir el desarrollo de este orgullo atizapense.<\/p>\n\n\n\n<p>Sobre su gran sue\u00f1o, a lo que su padre lo enfoc\u00f3 al acotar que falta ganar campeonatos nacionales e internacionales, Kenai se mostr\u00f3 seguro y contest\u00f3: \u201cLlegar a unos Juegos Ol\u00edmpicos\u201d.<\/p>\n\n\n\n<p>En el Sarajevo 2023 World Taekwondo Cadet Championships, Kenai combati\u00f3 con peleadores de Italia y Turqu\u00eda, entre otras nacionalidades. Entre sus logros m\u00e1s significativos, ha sido Medallista de oro en el Selectivo Nacional Cadetes en Xalapa Veracruz; Medallista de oro en el Selectivo Nacional Rumbo al mundial de Cadetes 2023 y tambi\u00e9n gan\u00f3 la Evaluaci\u00f3n de Cadetes en la categor\u00eda 172 cm (45 a 61 kg).<\/p>\n","protected":false},"excerpt":{"rendered":"<p>En las v&iacute;speras del mes patrio, el joven atizapense Kenai Hern&aacute;ndez Castillo logr&oacute; gritar &ldquo;Viva&#8230;<\/p>\n","protected":false},"author":1,"featured_media":14055,"comment_status":"closed","ping_status":"closed","sticky":false,"template":"","format":"standard","meta":{"footnotes":""},"categories":[45],"tags":[],"class_list":["post-14054","post","type-post","status-publish","format-standard","has-post-thumbnail","hentry","category-atizapan-de-zaragoza"],"_links":{"self":[{"href":"https:\/\/www.notiflashmexiquense.com.mx\/index.php?rest_route=\/wp\/v2\/posts\/14054","targetHints":{"allow":["GET"]}}],"collection":[{"href":"https:\/\/www.notiflashmexiquense.com.mx\/index.php?rest_route=\/wp\/v2\/posts"}],"about":[{"href":"https:\/\/www.notiflashmexiquense.com.mx\/index.php?rest_route=\/wp\/v2\/types\/post"}],"author":[{"embeddable":true,"href":"https:\/\/www.notiflashmexiquense.com.mx\/index.php?rest_route=\/wp\/v2\/users\/1"}],"replies":[{"embeddable":true,"href":"https:\/\/www.notiflashmexiquense.com.mx\/index.php?rest_route=%2Fwp%2Fv2%2Fcomments&post=14054"}],"version-history":[{"count":1,"href":"https:\/\/www.notiflashmexiquense.com.mx\/index.php?rest_route=\/wp\/v2\/posts\/14054\/revisions"}],"predecessor-version":[{"id":14056,"href":"https:\/\/www.notiflashmexiquense.com.mx\/index.php?rest_route=\/wp\/v2\/posts\/14054\/revisions\/14056"}],"wp:featuredmedia":[{"embeddable":true,"href":"https:\/\/www.notiflashmexiquense.com.mx\/index.php?rest_route=\/wp\/v2\/media\/14055"}],"wp:attachment":[{"href":"https:\/\/www.notiflashmexiquense.com.mx\/index.php?rest_route=%2Fwp%2Fv2%2Fmedia&parent=14054"}],"wp:term":[{"taxonomy":"category","embeddable":true,"href":"https:\/\/www.notiflashmexiquense.com.mx\/index.php?rest_route=%2Fwp%2Fv2%2Fcategories&post=14054"},{"taxonomy":"post_tag","embeddable":true,"href":"https:\/\/www.notiflashmexiquense.com.mx\/index.php?rest_route=%2Fwp%2Fv2%2Ftags&post=14054"}],"curies":[{"name":"wp","href":"https:\/\/api.w.org\/{rel}","templated":true}]}}