{"id":14007,"date":"2023-09-15T02:18:25","date_gmt":"2023-09-15T02:18:25","guid":{"rendered":"https:\/\/www.notiflashmexiquense.com.mx\/?p=14007"},"modified":"2023-09-15T02:18:25","modified_gmt":"2023-09-15T02:18:25","slug":"en-edomex-es-tiempo-de-las-mujeres-y-gobernaremos-bien-delfina-gomez","status":"publish","type":"post","link":"https:\/\/www.notiflashmexiquense.com.mx\/?p=14007","title":{"rendered":"\u201cEn Edomex es tiempo de las mujeres y gobernaremos bien\u201d: Delfina G\u00f3mez"},"content":{"rendered":"\n<p>\uf0fc No m\u00e1s negocios desde las oficinas de gobierno<\/p>\n\n\n\n<p>\uf0fc Suspender\u00e1 servicios privados de salud y bajar\u00e1 sueldos a salarios de primer nivel<\/p>\n\n\n\n<p>\uf0fc Programas universales para adultos mayores y discapacitados<\/p>\n\n\n\n<p>Toluca, M\u00e9x., a 14 de septiembre de 2022. En un hecho hist\u00f3rico en el Estado de M\u00e9xico, la Presidenta de la Mesa Directiva de la Legislatura local, Azucena Cisneros tom\u00f3 protesta a la primera gobernadora de la entidad, Delfina G\u00f3mez \u00c1lvarez, para el periodo 2023-2029, ante la presencia del Presidente de la Rep\u00fablica, Andr\u00e9s Manuel L\u00f3pez Obrador, en el inicio de lo que ser\u00e1 una gesti\u00f3n estatal transparente, inclusiva que busca el desarrollo de todas y todos los sectores, y sin privilegios a servidores p\u00fablicos.<\/p>\n\n\n\n<p>En sesi\u00f3n solemne en el recinto legislativo, junto al gobernador Alfredo del Mazo, y el presidente del Poder Judicial, Ricardo Sodi; la presidenta de la Legislatura y diputada de Ecatepec, subray\u00f3 que el evento es uno de los actos m\u00e1s trascendentes para la vida pol\u00edtica y democr\u00e1tica de las y los mexiquenses.<\/p>\n\n\n\n<p>En su intervenci\u00f3n, la Gobernadora electa, se\u00f1al\u00f3 que es un orgullo que por primera vez dos mujeres encabecen el acto solemne, con la diputada Azucena Cisneros como presidenta del Poder Legislativo, a quien dese\u00f3 \u00e9xito en su gesti\u00f3n \u201cporque es tiempo de mujeres y lo vamos a hacer muy bien\u201d.<\/p>\n\n\n\n<p>Reiter\u00f3 que ser Gobernadora fue gracias a la voluntad popular, que busca un cambio profundo, humanitario y democr\u00e1tico, que pone fin a un gobierno de unos cuentos y a favor del pueblo, y que su gabinete mostrar\u00e1 que se pueden hacer las cosas bien, con transparencia y amor el pueblo.<\/p>\n\n\n\n<p>\u201cSoy la primera Gobernadora de este gran estado, no les voy a fallar, s\u00e9 que esta brecha que se est\u00e1 abriendo para las futuras generaciones, tenemos que sumar esfuerzos para demostrar que las mujeres s\u00ed podemos, que somos capaces y llevar la responsabilidad de llevar a buen puerto el estado\u201d.<\/p>\n\n\n\n<p>Agradeci\u00f3 el gran respaldo del Presidente de la Rep\u00fablica, Andr\u00e9s Manuel L\u00f3pez Obrador, con quien hizo el compromiso de trabajar de la mano con el gobierno federal, coadyuvar en la construcci\u00f3n del Proyecto de Naci\u00f3n y avanzar en la soluci\u00f3n de los desaf\u00edos de seguridad, agua, movilidad y crecimiento econ\u00f3mico con empleos dignos.<\/p>\n\n\n\n<p>Tambi\u00e9n puntualiz\u00f3 que su gobierno ser\u00e1 fortalecido en los pilares de la transparencia y la lucha contra la corrupci\u00f3n, porque un gobierno m\u00e1s transparente reduce las posibilidades de que ocurran hechos de corrupci\u00f3n, evitar\u00e1n intermediarios en los tr\u00e1mites administrativos, y advirti\u00f3 que aqu\u00e9l servidor p\u00fablico que no cumpla con rectitud e integridad su encomienda ser\u00e1 castigado con todo el proceso de la ley, \u201cya basta, se acabaron los negocios desde las oficinas del gobierno y las riquezas\u201d.<\/p>\n\n\n\n<p>Delfina G\u00f3mez reiter\u00f3 que su gobierno ser\u00e1 incluyente y cercano a la gente, de territorio y no de escritorio, que atienda a quienes han sido excluidos hist\u00f3ricamente, que garantice servicios a todas las familias, educaci\u00f3n de calidad, mejores condiciones laborales y buenos salarios, posibilidad de crecer a los j\u00f3venes, y anunci\u00f3 que mantendr\u00e1 audiencias ciudadanas con su gabinete, y la primera ser\u00e1 el 11 de octubre en Palacio de Gobierno<\/p>\n\n\n\n<p>Y para el desarrollo de la entidad buscar\u00e1 trabajo conjunto con las c\u00e1maras empresariales, colegios de profesionistas, sindicatos, organizaciones no gubernamentales, sindicatos, medios de comunicaci\u00f3n y ciudadanos interesados en construir un mejor Edomex.<\/p>\n\n\n\n<p>Subray\u00f3 que el Poder Legislativo ser\u00e1 de gran apoyo para las reformas al sistema judicial con modificaciones a los c\u00f3digos Civil y Penal, para el castigo severo a quien ejerza cualquier tipo de violencia contra mujeres, sanciones rigurosas a quienes ejerzan violencia a animales de compa\u00f1\u00eda y a la biodiversidad.<\/p>\n\n\n\n<p>Al brindar un mensaje desde el recinto legislativo, el Presidente de M\u00e9xico, Andr\u00e9s Manuel L\u00f3pez Obrador, hizo un reconocimiento a las y los 75 diputados, ya que autorizaron recursos para impulsar las obras de infraestructura que el gobierno federal realiza en el Estado de M\u00e9xico; precis\u00f3 que en las pr\u00f3ximas horas pondr\u00e1 en marcha la primera etapa del tren interurbano que brindar\u00e1 servicio en el valle de Toluca, y para marzo de 2024 inaugurar\u00e1 la segunda etapa del proyecto para conectar hasta la Ciudad de M\u00e9xico.<\/p>\n\n\n\n<p>Tambi\u00e9n precis\u00f3 que en esa misma fecha se estar\u00e1 habilitando el troleb\u00fas de Chalco a Santa Martha, obra de agilizar\u00e1 la movilidad de los mexiquenses que viven en la zona oriente de la entidad; obra impulsada por el gobierno federal en el territorio estatal que estar\u00e1 en el primer trimestre es el tren que comunicar\u00e1 a la zona de Buenavista con el Aeropuerto Felipe \u00c1ngeles, medio de comunicaci\u00f3n terrestre que permitir\u00e1 un tiempo de traslado de 45 minutos.<\/p>\n\n\n\n<p>En materia pol\u00edtica L\u00f3pez Obrador reconoci\u00f3 la colaboraci\u00f3n de Alfredo Del Mazo Maza, ya que a diferencia de otros gobernadores \u00e9l mostr\u00f3 una colaboraci\u00f3n y participaci\u00f3n con los proyectos de infraestructura, pero sobre act\u00fao como un dem\u00f3crata ya que no se meti\u00f3 en la elecci\u00f3n y respeto la voluntad de los mexiquenses.<\/p>\n","protected":false},"excerpt":{"rendered":"<p>&#61692; No m&aacute;s negocios desde las oficinas de gobierno &#61692; Suspender&aacute; servicios privados de salud&#8230;<\/p>\n","protected":false},"author":1,"featured_media":14008,"comment_status":"closed","ping_status":"closed","sticky":false,"template":"","format":"standard","meta":{"footnotes":""},"categories":[69],"tags":[],"class_list":["post-14007","post","type-post","status-publish","format-standard","has-post-thumbnail","hentry","category-gobierno-del-estado-de-mexico"],"_links":{"self":[{"href":"https:\/\/www.notiflashmexiquense.com.mx\/index.php?rest_route=\/wp\/v2\/posts\/14007","targetHints":{"allow":["GET"]}}],"collection":[{"href":"https:\/\/www.notiflashmexiquense.com.mx\/index.php?rest_route=\/wp\/v2\/posts"}],"about":[{"href":"https:\/\/www.notiflashmexiquense.com.mx\/index.php?rest_route=\/wp\/v2\/types\/post"}],"author":[{"embeddable":true,"href":"https:\/\/www.notiflashmexiquense.com.mx\/index.php?rest_route=\/wp\/v2\/users\/1"}],"replies":[{"embeddable":true,"href":"https:\/\/www.notiflashmexiquense.com.mx\/index.php?rest_route=%2Fwp%2Fv2%2Fcomments&post=14007"}],"version-history":[{"count":1,"href":"https:\/\/www.notiflashmexiquense.com.mx\/index.php?rest_route=\/wp\/v2\/posts\/14007\/revisions"}],"predecessor-version":[{"id":14009,"href":"https:\/\/www.notiflashmexiquense.com.mx\/index.php?rest_route=\/wp\/v2\/posts\/14007\/revisions\/14009"}],"wp:featuredmedia":[{"embeddable":true,"href":"https:\/\/www.notiflashmexiquense.com.mx\/index.php?rest_route=\/wp\/v2\/media\/14008"}],"wp:attachment":[{"href":"https:\/\/www.notiflashmexiquense.com.mx\/index.php?rest_route=%2Fwp%2Fv2%2Fmedia&parent=14007"}],"wp:term":[{"taxonomy":"category","embeddable":true,"href":"https:\/\/www.notiflashmexiquense.com.mx\/index.php?rest_route=%2Fwp%2Fv2%2Fcategories&post=14007"},{"taxonomy":"post_tag","embeddable":true,"href":"https:\/\/www.notiflashmexiquense.com.mx\/index.php?rest_route=%2Fwp%2Fv2%2Ftags&post=14007"}],"curies":[{"name":"wp","href":"https:\/\/api.w.org\/{rel}","templated":true}]}}