{"id":14004,"date":"2023-09-15T00:31:10","date_gmt":"2023-09-15T00:31:10","guid":{"rendered":"https:\/\/www.notiflashmexiquense.com.mx\/?p=14004"},"modified":"2023-09-15T00:31:11","modified_gmt":"2023-09-15T00:31:11","slug":"celebra-sistema-municipal-dif-de-atizapan-de-zaragoza-las-fiestas-patrias-con-mananita-mexicana","status":"publish","type":"post","link":"https:\/\/www.notiflashmexiquense.com.mx\/?p=14004","title":{"rendered":"CELEBRA SISTEMA MUNICIPAL DIF DE ATIZAP\u00c1N DE ZARAGOZA LAS FIESTAS PATRIAS CON MA\u00d1ANITA MEXICANA"},"content":{"rendered":"\n<p>La ma\u00f1anita mexicana que realizaron terapeutas, pacientes, sus familiares y autoridades del DIF de Atizap\u00e1n de Zaragoza tuvo un doble objetivo: celebrar el 213 Aniversario de la Independencia de M\u00e9xico y favorecer la inclusi\u00f3n y la eliminaci\u00f3n de las barreras para personas con discapacidad.<\/p>\n\n\n\n<p>En la Unidad de Rehabilitaci\u00f3n e Integraci\u00f3n Social (URIS), en la Colonia M\u00e9xico Nuevo, las y los asistentes convivieron con el Presidente Municipal, Pedro Rodr\u00edguez Villegas, y la Presidenta Honoraria del Sistema Municipal DIF, Patricia Ar\u00e9valo Rubio.<\/p>\n\n\n\n<p>Esto tambi\u00e9n fue una oportunidad para promover y difundir la cultura y tradiciones mexicanas entre personas con discapacidad.<\/p>\n\n\n\n<p>\u201cAgradezco todo el trabajo que realizan en las instalaciones del DIF, todo el esfuerzo, todo el equipo, porque hoy estos peque\u00f1itos lo necesitan mucho. Y celebro y reconozco la labor que realizan los familiares de estos peque\u00f1itos en las instalaciones\u201d, comparti\u00f3 el Presidente Municipal, Pedro Rodr\u00edguez Villegas.<\/p>\n\n\n\n<p>\u201cEstos peque\u00f1os requieren mucho amor para sacarlos adelante. Mi reconocimiento y mi admiraci\u00f3n por el cari\u00f1o que ponen ustedes\u201d.<\/p>\n\n\n\n<p>Al finalizar los n\u00fameros musicales que las y los retapeutas prepararon, las y los asistentes disfrutaron de una kerm\u00e9s en la que hubo comida t\u00edpica mexicana como tostadas de pata, tacos de guisado, pozole, pambazos, elotes y aguas de sabores.<\/p>\n\n\n\n<p>Adem\u00e1s, hubo una Loter\u00eda gigante, aros, globos y juegos de mesa.<\/p>\n\n\n\n<p>A esta actividad tambi\u00e9n acudieron Rodrigo S\u00e1nchez de la Pe\u00f1a, Director del DIF Municipal, y Mar\u00eda Tranquilidad Canchola S\u00e1nchez, Subdirectora M\u00e9dica del DIF.<\/p>\n","protected":false},"excerpt":{"rendered":"<p>La ma&ntilde;anita mexicana que realizaron terapeutas, pacientes, sus familiares y autoridades del DIF de Atizap&aacute;n&#8230;<\/p>\n","protected":false},"author":1,"featured_media":14005,"comment_status":"closed","ping_status":"closed","sticky":false,"template":"","format":"standard","meta":{"footnotes":""},"categories":[45],"tags":[],"class_list":["post-14004","post","type-post","status-publish","format-standard","has-post-thumbnail","hentry","category-atizapan-de-zaragoza"],"_links":{"self":[{"href":"https:\/\/www.notiflashmexiquense.com.mx\/index.php?rest_route=\/wp\/v2\/posts\/14004","targetHints":{"allow":["GET"]}}],"collection":[{"href":"https:\/\/www.notiflashmexiquense.com.mx\/index.php?rest_route=\/wp\/v2\/posts"}],"about":[{"href":"https:\/\/www.notiflashmexiquense.com.mx\/index.php?rest_route=\/wp\/v2\/types\/post"}],"author":[{"embeddable":true,"href":"https:\/\/www.notiflashmexiquense.com.mx\/index.php?rest_route=\/wp\/v2\/users\/1"}],"replies":[{"embeddable":true,"href":"https:\/\/www.notiflashmexiquense.com.mx\/index.php?rest_route=%2Fwp%2Fv2%2Fcomments&post=14004"}],"version-history":[{"count":1,"href":"https:\/\/www.notiflashmexiquense.com.mx\/index.php?rest_route=\/wp\/v2\/posts\/14004\/revisions"}],"predecessor-version":[{"id":14006,"href":"https:\/\/www.notiflashmexiquense.com.mx\/index.php?rest_route=\/wp\/v2\/posts\/14004\/revisions\/14006"}],"wp:featuredmedia":[{"embeddable":true,"href":"https:\/\/www.notiflashmexiquense.com.mx\/index.php?rest_route=\/wp\/v2\/media\/14005"}],"wp:attachment":[{"href":"https:\/\/www.notiflashmexiquense.com.mx\/index.php?rest_route=%2Fwp%2Fv2%2Fmedia&parent=14004"}],"wp:term":[{"taxonomy":"category","embeddable":true,"href":"https:\/\/www.notiflashmexiquense.com.mx\/index.php?rest_route=%2Fwp%2Fv2%2Fcategories&post=14004"},{"taxonomy":"post_tag","embeddable":true,"href":"https:\/\/www.notiflashmexiquense.com.mx\/index.php?rest_route=%2Fwp%2Fv2%2Ftags&post=14004"}],"curies":[{"name":"wp","href":"https:\/\/api.w.org\/{rel}","templated":true}]}}