{"id":13987,"date":"2023-09-13T23:16:52","date_gmt":"2023-09-13T23:16:52","guid":{"rendered":"https:\/\/www.notiflashmexiquense.com.mx\/?p=13987"},"modified":"2023-09-13T23:16:52","modified_gmt":"2023-09-13T23:16:52","slug":"entrega-senado-de-la-republica-reconocimiento-a-pedro-rodriguez-por-hacer-un-gobierno-innovador-y-con-desarrollo-tecnologico-en-atizapan-de-zaragoza","status":"publish","type":"post","link":"https:\/\/www.notiflashmexiquense.com.mx\/?p=13987","title":{"rendered":"ENTREGA SENADO DE LA REP\u00daBLICA RECONOCIMIENTO A PEDRO RODR\u00cdGUEZ POR HACER UN GOBIERNO INNOVADOR Y CON DESARROLLO TECNOL\u00d3GICO EN ATIZAP\u00c1N DE ZARAGOZA"},"content":{"rendered":"\n<p>La Junta de Coordinaci\u00f3n Pol\u00edtica y la Comisi\u00f3n de Ciencia y Tecnolog\u00eda del Senado de la Rep\u00fablica, en coordinaci\u00f3n con la Comisi\u00f3n de Ciencia, Tecnolog\u00eda e Innovaci\u00f3n de la C\u00e1mara de Diputados, entregaron un reconocimiento a Pedro Rodr\u00edguez Villegas, Presidente Municipal de Atizap\u00e1n de Zaragoza, por su destacada trayectoria y decidido impulso a la innovaci\u00f3n y desarrollo tecnol\u00f3gico al frente del Gobierno que encabeza.<\/p>\n\n\n\n<p>La ceremonia se realiz\u00f3 en el Sal\u00f3n de Protocolo de la Junta de Coordinaci\u00f3n Pol\u00edtica (JUCOPO) del Senado, donde el Alcalde, acompa\u00f1ado de miembros del Cabildo y titulares de \u00e1rea del Ayuntamiento, fue reconocido.<\/p>\n\n\n\n<p>\u201cAgradezco much\u00edsimo la distinci\u00f3n. Celebro que nos den la oportunidad como gobiernos municipales de poder trascender, de que el esfuerzo y trabajo que realizamos desde nuestra trinchera ayuda a dar mejor calidad de vida a las y los atizapenses\u201d, expres\u00f3.<\/p>\n\n\n\n<p>Adem\u00e1s, Rodr\u00edguez Villegas consider\u00f3 que todos los representantes con puestos de representaci\u00f3n popular tienen la obligaci\u00f3n de trascender y dejar huella en la Administraci\u00f3n p\u00fablica, con trabajos duraderos.<\/p>\n\n\n\n<p>\u201cEs el hecho de implementar temas y sistemas que permiten a la sociedad tener un mayor contacto, un contacto permanente con las autoridades, que puedan reportar desde un bache, una luminaria, el apoyo de Seguridad P\u00fablica, permite que nuestro municipio se ponga a la vanguardia\u201d, coment\u00f3.<\/p>\n\n\n\n<p>\u201cEl proceso de otorgamiento de becas lo estamos manejando todo a trav\u00e9s de la aplicaci\u00f3n (Atizap\u00e1n Te Escucha), y eso permite que se vaya agilizando, y permite facilitar la vida\u201d.<\/p>\n\n\n\n<p>Tambi\u00e9n refiri\u00f3 que el \u00e9xito de la estrategia de seguridad que se lleva a cabo en el municipio tiene que ver con un tema tecnol\u00f3gico, ya que a trav\u00e9s de la Direcci\u00f3n de Seguridad P\u00fablica se ha hecho una inversi\u00f3n muy importante y se han adquirido c\u00e1maras que permiten identificar rostros, matr\u00edculas de los autom\u00f3viles y movimientos sospechosos, lo que busca inhibir la comisi\u00f3n de delitos.<\/p>\n\n\n\n<p>Por su parte, el Senador Jorge Carlos Ram\u00edrez Mar\u00edn, Presidente de la Comisi\u00f3n de Ciencia y Tecnolog\u00eda de la C\u00e1mara Alta, explic\u00f3 que el prop\u00f3sito de entregar estos reconocimientos comienza por el impacto directo que tienen los ambientes digitales en la ciudadan\u00eda.<\/p>\n\n\n\n<p>\u201cCu\u00e1ntos ahorros significan de \u00e1rboles, cu\u00e1ntos ahorros y medidas en favor del medioambiente y evitar el papel y digitalizar archivos, n\u00f3minas\u201d, refiri\u00f3 el legislador yucateco.<\/p>\n\n\n\n<p>\u201c\u00bfCon qu\u00e9 facilidad puede acudir un habitante de Atizap\u00e1n a uno de los m\u00f3dulos del Ayuntamiento y encontrar con que en ese m\u00f3dulo esta su informaci\u00f3n? Esas son algunas de las cosas que nosotros queremos reconocer y esto, sin duda, se debe al empuje, el impulso y al conocimiento e inteligencia de quien dirige este Ayuntamiento\u201c.<\/p>\n\n\n\n<p>En su intervenci\u00f3n, el Senador Jos\u00e9 Alfredo Botello Montes, integrante de la Comisi\u00f3n de Ciencia y Tecnolog\u00eda, asegur\u00f3 que la oportunidad que tiene el Alcalde atizapense de estar sirviendo al Municipio favorece a que se consolide un gran andamiaje del gobierno digital.<\/p>\n\n\n\n<p>\u201cQueda de manifiesto que aquellas personas que vuelven al servicio p\u00fablico ya no llegan a improvisar, sino que llegan a trascender\u201d, asever\u00f3.<\/p>\n\n\n\n<p>Y la Senadora Alejandra Lagunes, tambi\u00e9n integrante de dicha Comisi\u00f3n, opin\u00f3 en favor de la digitalizaci\u00f3n de los procesos.<\/p>\n\n\n\n<p>\u201cLos gobiernos se vuelven pesados porque est\u00e1n llenos de burocracia y los tr\u00e1mites digitales hacen que los gobiernos sean delgados, ligeros, simples y sencillos, y eso transforma el legado\u201d, dijo Lagunes.<\/p>\n\n\n\n<p>\u201cDigitalizar el gobierno es hacerlo m\u00e1s simple, m\u00e1s sencillo, es un legado que trasciende su Administraci\u00f3n. Soy una creyente de la tecnolog\u00eda como un poder transformador\u201d.<\/p>\n\n\n\n<p>Al t\u00e9rmino de la reuni\u00f3n en el sal\u00f3n de la JUCOPO, el Diputado Javier L\u00f3pez Casar\u00edn, presidente de la Comisi\u00f3n de Ciencia, Tecnolog\u00eda e Innovaci\u00f3n de la C\u00e1mara de Diputados reconoci\u00f3 el ejercicio que el Gobierno de Atizap\u00e1n de Zaragoza gener\u00f3 en las Pr\u00e1cticas en el Semillero de Talentos 2022, en el que reuni\u00f3 a creadores de elementos utilitarios con tecnolog\u00eda, como calentadores solares y robots.<\/p>\n\n\n\n<p>\u201cPara m\u00ed es un honor poderle reconocer a usted, a su equipo, a su Cabildo, a su Administraci\u00f3n lo que en la C\u00e1mara de Senadores decidimos instalar como un eje tem\u00e1tico, y es a trav\u00e9s de vincular a los gobiernos con el Parlamento, a trav\u00e9s de actores estrat\u00e9gicos que creen en la innovaci\u00f3n, en el desarrollo tecnol\u00f3gico\u201d.<\/p>\n\n\n\n<p>Despu\u00e9s, los integrantes de la Comisi\u00f3n y el Alcalde pasaron al Pleno del Senado para la entrega del reconocimiento.<\/p>\n\n\n\n<p>Al recinto tambi\u00e9n acudieron Patricia Ar\u00e9valo Rubio, presidenta honoraria del Sistema Municipal para el Desarrollo Integral de la Familia (DIF); Lilia Mar\u00eda del Pilar Cedillo, D\u00e9cima Regidora; Jos\u00e9 Ra\u00fal Hinojosa Hinojosa, Noveno Regidor; Rosal\u00eda Teodora Alvarado, Octava Regidora; Alfredo Agust\u00edn Ram\u00edrez Saucedo, S\u00e9ptimo Regidor; Silvia M\u00e1rquez Velasco, Primer S\u00edndico; Mariana Ch\u00e1vez Reyes, Sexta Regidora; Daniel Altamirano Guti\u00e9rrez, Cuarto Regidor; Jes\u00fas Mendoza Rivera, Primer Regidor; Wilfrido Torres, Jefe de Oficina de la Presidencia Municipal; Guillermo Cabrera Sifuentes, Director de Innovaci\u00f3n y Comunicaci\u00f3n; y Javier L\u00f3pez, Subdirector de Innovaci\u00f3n.<\/p>\n","protected":false},"excerpt":{"rendered":"<p>https:\/\/youtu.be\/Y3ZtH0_U2sk?feature=shared<\/p>\n","protected":false},"author":1,"featured_media":13989,"comment_status":"closed","ping_status":"closed","sticky":false,"template":"","format":"standard","meta":{"footnotes":""},"categories":[45],"tags":[],"class_list":["post-13987","post","type-post","status-publish","format-standard","has-post-thumbnail","hentry","category-atizapan-de-zaragoza"],"_links":{"self":[{"href":"https:\/\/www.notiflashmexiquense.com.mx\/index.php?rest_route=\/wp\/v2\/posts\/13987","targetHints":{"allow":["GET"]}}],"collection":[{"href":"https:\/\/www.notiflashmexiquense.com.mx\/index.php?rest_route=\/wp\/v2\/posts"}],"about":[{"href":"https:\/\/www.notiflashmexiquense.com.mx\/index.php?rest_route=\/wp\/v2\/types\/post"}],"author":[{"embeddable":true,"href":"https:\/\/www.notiflashmexiquense.com.mx\/index.php?rest_route=\/wp\/v2\/users\/1"}],"replies":[{"embeddable":true,"href":"https:\/\/www.notiflashmexiquense.com.mx\/index.php?rest_route=%2Fwp%2Fv2%2Fcomments&post=13987"}],"version-history":[{"count":1,"href":"https:\/\/www.notiflashmexiquense.com.mx\/index.php?rest_route=\/wp\/v2\/posts\/13987\/revisions"}],"predecessor-version":[{"id":13990,"href":"https:\/\/www.notiflashmexiquense.com.mx\/index.php?rest_route=\/wp\/v2\/posts\/13987\/revisions\/13990"}],"wp:featuredmedia":[{"embeddable":true,"href":"https:\/\/www.notiflashmexiquense.com.mx\/index.php?rest_route=\/wp\/v2\/media\/13989"}],"wp:attachment":[{"href":"https:\/\/www.notiflashmexiquense.com.mx\/index.php?rest_route=%2Fwp%2Fv2%2Fmedia&parent=13987"}],"wp:term":[{"taxonomy":"category","embeddable":true,"href":"https:\/\/www.notiflashmexiquense.com.mx\/index.php?rest_route=%2Fwp%2Fv2%2Fcategories&post=13987"},{"taxonomy":"post_tag","embeddable":true,"href":"https:\/\/www.notiflashmexiquense.com.mx\/index.php?rest_route=%2Fwp%2Fv2%2Ftags&post=13987"}],"curies":[{"name":"wp","href":"https:\/\/api.w.org\/{rel}","templated":true}]}}